{"id":2313,"date":"2015-11-09T10:44:32","date_gmt":"2015-11-09T14:44:32","guid":{"rendered":"http:\/\/www.redgesam.cl\/wp\/?p=2313"},"modified":"2015-11-09T10:44:32","modified_gmt":"2015-11-09T14:44:32","slug":"acotacion-sobre-dia-del-psicologo","status":"publish","type":"post","link":"https:\/\/www.redgesam.cl\/web\/index.php\/2015\/11\/09\/acotacion-sobre-dia-del-psicologo\/","title":{"rendered":"Acotaci\u00f3n sobre D\u00eda del Psic\u00f3logo"},"content":{"rendered":"<p><a href=\"http:\/\/www.redgesam.cl\/wp\/wp-content\/uploads\/2015\/11\/entrevista-a-psicologo.jpg\"><img decoding=\"async\" class=\"lazyload alignleft size-medium wp-image-2314\" title=\"entrevista-a-psicologo\" src=\"data:image\/svg+xml,%3Csvg%20xmlns%3D%27http%3A%2F%2Fwww.w3.org%2F2000%2Fsvg%27%20width%3D%27300%27%20height%3D%27221%27%20viewBox%3D%270%200%20300%20221%27%3E%3Crect%20width%3D%27300%27%20height%3D%27221%27%20fill-opacity%3D%220%22%2F%3E%3C%2Fsvg%3E\" data-orig-src=\"http:\/\/www.redgesam.cl\/wp\/wp-content\/uploads\/2015\/11\/entrevista-a-psicologo-300x221.jpg\" alt=\"\" width=\"300\" height=\"221\" \/><\/a>Ante diversas consultas y cierta confusi\u00f3n en las redes sociales, Redgesam aclara que en Chile, el D\u00eda del Psic\u00f3logo era celebrado tradicionalmente el 9 de noviembre. Sin embargo, en el 2009, debido a la falta de base hist\u00f3rica para este d\u00eda, surge la iniciativa de proponer al Colegio de Psic\u00f3logos de Chile, a las Sociedades Cient\u00edficas en Psicolog\u00eda chilenas, y a los distintos centros educativos, mover esta celebraci\u00f3n a un d\u00eda m\u00e1s significativo como el 9 de diciembre, d\u00eda que se publica la Ley 17.033 en 1968, ley que concibe formalmente la creaci\u00f3n del Colegio de Psic\u00f3logos de Chile.<\/p>\n<p>&nbsp;<\/p>\n","protected":false},"excerpt":{"rendered":"<p>Ante diversas consultas y cierta confusi\u00f3n en las redes sociales, Redgesam aclara que en Chile, el D\u00eda del Psic\u00f3logo era celebrado tradicionalmente el 9 de noviembre. Sin embargo, en el 2009, debido a la falta de base hist\u00f3rica para este [&hellip;]<\/p>\n","protected":false},"author":1,"featured_media":2314,"comment_status":"closed","ping_status":"closed","sticky":false,"template":"","format":"standard","meta":[],"categories":[17],"tags":[],"_links":{"self":[{"href":"https:\/\/www.redgesam.cl\/web\/index.php\/wp-json\/wp\/v2\/posts\/2313"}],"collection":[{"href":"https:\/\/www.redgesam.cl\/web\/index.php\/wp-json\/wp\/v2\/posts"}],"about":[{"href":"https:\/\/www.redgesam.cl\/web\/index.php\/wp-json\/wp\/v2\/types\/post"}],"author":[{"embeddable":true,"href":"https:\/\/www.redgesam.cl\/web\/index.php\/wp-json\/wp\/v2\/users\/1"}],"replies":[{"embeddable":true,"href":"https:\/\/www.redgesam.cl\/web\/index.php\/wp-json\/wp\/v2\/comments?post=2313"}],"version-history":[{"count":0,"href":"https:\/\/www.redgesam.cl\/web\/index.php\/wp-json\/wp\/v2\/posts\/2313\/revisions"}],"wp:featuredmedia":[{"embeddable":true,"href":"https:\/\/www.redgesam.cl\/web\/index.php\/wp-json\/"}],"wp:attachment":[{"href":"https:\/\/www.redgesam.cl\/web\/index.php\/wp-json\/wp\/v2\/media?parent=2313"}],"wp:term":[{"taxonomy":"category","embeddable":true,"href":"https:\/\/www.redgesam.cl\/web\/index.php\/wp-json\/wp\/v2\/categories?post=2313"},{"taxonomy":"post_tag","embeddable":true,"href":"https:\/\/www.redgesam.cl\/web\/index.php\/wp-json\/wp\/v2\/tags?post=2313"}],"curies":[{"name":"wp","href":"https:\/\/api.w.org\/{rel}","templated":true}]}}