{"id":2318,"date":"2015-11-14T19:53:47","date_gmt":"2015-11-14T23:53:47","guid":{"rendered":"http:\/\/www.redgesam.cl\/wp\/?p=2318"},"modified":"2015-11-14T19:53:47","modified_gmt":"2015-11-14T23:53:47","slug":"problemas-mentales-por-cambio-climatico","status":"publish","type":"post","link":"https:\/\/www.redgesam.cl\/web\/index.php\/2015\/11\/14\/problemas-mentales-por-cambio-climatico\/","title":{"rendered":"Problemas mentales por cambio clim\u00e1tico"},"content":{"rendered":"<p><a href=\"http:\/\/www.redgesam.cl\/wp\/wp-content\/uploads\/2015\/11\/FOTO-CAMBIO-CLIMATICO.jpg\"><img decoding=\"async\" class=\"lazyload alignleft size-medium wp-image-2319\" title=\"FOTO CAMBIO CLIMATICO\" src=\"data:image\/svg+xml,%3Csvg%20xmlns%3D%27http%3A%2F%2Fwww.w3.org%2F2000%2Fsvg%27%20width%3D%27300%27%20height%3D%27225%27%20viewBox%3D%270%200%20300%20225%27%3E%3Crect%20width%3D%27300%27%20height%3D%27225%27%20fill-opacity%3D%220%22%2F%3E%3C%2Fsvg%3E\" data-orig-src=\"http:\/\/www.redgesam.cl\/wp\/wp-content\/uploads\/2015\/11\/FOTO-CAMBIO-CLIMATICO-300x225.jpg\" alt=\"\" width=\"300\" height=\"225\" \/><\/a>De acuerdo a un estudio publicado por la organizaci\u00f3n <a href=\"http:\/\/peru.com\/noticias-de-national-wildlife-foundation-211663\" target=\"_blank\" rel=\"noopener noreferrer\">National Wildlife Foundation<\/a>, alrededor de 200 millones de estadounidenses sufrir\u00e1n problemas psicol\u00f3gicos o mentales como consecuencia del <strong>cambio clim\u00e1tico.<\/strong><\/p>\n<p>Entre estos problemas se encuentran la <strong>depresi\u00f3n,<\/strong> la <strong>ansiedad<\/strong> y el <strong>estr\u00e9s postraum\u00e1tico,<\/strong> que podr\u00edan aumentar el n\u00famero de suicidios, el uso de drogas y los \u00edndices de violencia.<\/p>\n<p>Seg\u00fan el portal Actualidad.rt.com, los sectores de la poblaci\u00f3n m\u00e1s amenazados son los menores, los ancianos, la gente que vive en la pobreza y las personas que ya tienen algunos problemas de salud mental, inform\u00f3 Gizmodo.<\/p>\n<p>De acuerdo con este estudio, un 50% de estadounidenses viven en zonas costeras, que se ver\u00e1n afectadas por tormentas y por un aumento del nivel del mar. Adem\u00e1s, el 70% de la poblaci\u00f3n padecer\u00e1 olas de calor y quienes viven pr\u00f3ximos al curso de los r\u00edos sufrir\u00e1n por las inundaciones.<\/p>\n<p>Al presenciar todos estos cambios, muchos ciudadanos sufrir\u00e1n ansiedad. Lo peor es que no conocer\u00e1n la verdadera causa de su malestar, con lo cual esa ansiedad aumentar\u00e1 de manera directamente proporcional al aumento de las informaciones sobre las p\u00e9simas condiciones meteorol\u00f3gicas.<\/p>\n<p>Por su parte, las personas que se vean obligadas a abandonar sus casas por los desastres naturales sufrir\u00e1n estr\u00e9s por desplazamiento, mientras que quienes vivan cat\u00e1strofes o la muerte de familiares sufrir\u00e1n de estr\u00e9s postraum\u00e1tico. Otros, padecer\u00e1n desesperaci\u00f3n y miedo.<\/p>\n<p>Otra consecuencia grave ser\u00e1 la ira que acompa\u00f1ar\u00e1 a las crisis migratorias y los conflictos por los recursos que traer\u00e1 consigo el cambio clim\u00e1tico. Finalmente, el Ej\u00e9rcito estadounidense espera que el calentamiento global cause guerras en los pr\u00f3ximos 30 a\u00f1os.<\/p>\n<p>Ante este panorama, el documento asegura que el sistema de salud de <strong>EE.UU.<\/strong> no est\u00e1 preparado para atender a tantos pacientes.<\/p>\n<p>&nbsp;<\/p>\n<p>&nbsp;<\/p>\n","protected":false},"excerpt":{"rendered":"<p>De acuerdo a un estudio publicado por la organizaci\u00f3n National Wildlife Foundation, alrededor de 200 millones de estadounidenses sufrir\u00e1n problemas psicol\u00f3gicos o mentales como consecuencia del cambio clim\u00e1tico. Entre estos problemas se encuentran la depresi\u00f3n, la ansiedad y el estr\u00e9s [&hellip;]<\/p>\n","protected":false},"author":1,"featured_media":2319,"comment_status":"closed","ping_status":"closed","sticky":false,"template":"","format":"standard","meta":[],"categories":[17],"tags":[],"_links":{"self":[{"href":"https:\/\/www.redgesam.cl\/web\/index.php\/wp-json\/wp\/v2\/posts\/2318"}],"collection":[{"href":"https:\/\/www.redgesam.cl\/web\/index.php\/wp-json\/wp\/v2\/posts"}],"about":[{"href":"https:\/\/www.redgesam.cl\/web\/index.php\/wp-json\/wp\/v2\/types\/post"}],"author":[{"embeddable":true,"href":"https:\/\/www.redgesam.cl\/web\/index.php\/wp-json\/wp\/v2\/users\/1"}],"replies":[{"embeddable":true,"href":"https:\/\/www.redgesam.cl\/web\/index.php\/wp-json\/wp\/v2\/comments?post=2318"}],"version-history":[{"count":0,"href":"https:\/\/www.redgesam.cl\/web\/index.php\/wp-json\/wp\/v2\/posts\/2318\/revisions"}],"wp:featuredmedia":[{"embeddable":true,"href":"https:\/\/www.redgesam.cl\/web\/index.php\/wp-json\/"}],"wp:attachment":[{"href":"https:\/\/www.redgesam.cl\/web\/index.php\/wp-json\/wp\/v2\/media?parent=2318"}],"wp:term":[{"taxonomy":"category","embeddable":true,"href":"https:\/\/www.redgesam.cl\/web\/index.php\/wp-json\/wp\/v2\/categories?post=2318"},{"taxonomy":"post_tag","embeddable":true,"href":"https:\/\/www.redgesam.cl\/web\/index.php\/wp-json\/wp\/v2\/tags?post=2318"}],"curies":[{"name":"wp","href":"https:\/\/api.w.org\/{rel}","templated":true}]}}