{"id":2323,"date":"2015-11-17T13:25:23","date_gmt":"2015-11-17T17:25:23","guid":{"rendered":"http:\/\/www.redgesam.cl\/wp\/?p=2323"},"modified":"2015-11-17T13:25:23","modified_gmt":"2015-11-17T17:25:23","slug":"172-de-chilenos-padece-depresion-superando-a-la-cifra-mundial","status":"publish","type":"post","link":"https:\/\/www.redgesam.cl\/web\/index.php\/2015\/11\/17\/172-de-chilenos-padece-depresion-superando-a-la-cifra-mundial\/","title":{"rendered":"17,2 % de chilenos padece depresi\u00f3n, superando a la cifra mundial"},"content":{"rendered":"<p>De acuerdo a la OMS este mal afecta a m\u00e1s de 350 millones de personas, es decir, a un 15% de la poblaci\u00f3n mundial, convirti\u00e9ndola en la patolog\u00eda mental de mayor prevalencia.<\/p>\n<p>Las cifras lo explican claramente. <strong>Chile se ubica por sobre el nivel mundial de depresi\u00f3n, con un \u00edndice de un 17,2%, seg\u00fan la Encuesta Nacional de Salud. <\/strong>Incluso el\u00a021.67% de los habitantes del territorio nacional indicaron haber recibido un diagn\u00f3stico relacionado con esta enfermedad al menos una vez en su vida. Pero, \u00bfsabemos realmente qu\u00e9 es esta patolog\u00eda?<\/p>\n<p>\u201cLa depresi\u00f3n es una enfermedad an\u00edmica y se caracteriza principalmente por un \u00e1nimo bajo, desgano, carencia de apetito, problemas de sue\u00f1o, y falta de deseo de hacer cosas. Causasentimientos de tristeza generalizados y\u00a0tiene un impacto altamente negativo en el entorno social de la persona que la padece\u201d, se\u00f1ala Mariane Krause, profesora de la Escuela de Psicolog\u00eda de la Universidad Cat\u00f3lica y directora del Instituto Milenio para la Investigaci\u00f3n en Depresi\u00f3n y Personalidad, MIDAP.<\/p>\n<p>Padecerla, no s\u00f3lo involucra un funcionamiento disminuido en actividades sociales, sino tambi\u00e9n en aspectos laborales y educacionales.\u00a0Incluso, durante los \u00faltimos a\u00f1os los problemas de salud mental se han transformado en una de las principales causas de incapacidad laboral, provocando un aumento en las licencias m\u00e9dicas, lo que genera un alto y creciente costo econ\u00f3mico para el pa\u00eds.<\/p>\n<p>En Chile una de cada tres personas sufre problemas de salud mental como angustia o depresi\u00f3n, en alg\u00fan momento de su vida.<\/p>\n<p><a href=\"http:\/\/www.redgesam.cl\/wp\/wp-content\/uploads\/2015\/11\/Krause.jpg\"><img decoding=\"async\" class=\"lazyload alignleft size-full wp-image-2324\" title=\"Krause\" src=\"data:image\/svg+xml,%3Csvg%20xmlns%3D%27http%3A%2F%2Fwww.w3.org%2F2000%2Fsvg%27%20width%3D%27199%27%20height%3D%27210%27%20viewBox%3D%270%200%20199%20210%27%3E%3Crect%20width%3D%27199%27%20height%3D%27210%27%20fill-opacity%3D%220%22%2F%3E%3C%2Fsvg%3E\" data-orig-src=\"http:\/\/www.redgesam.cl\/wp\/wp-content\/uploads\/2015\/11\/Krause.jpg\" alt=\"\" width=\"199\" height=\"210\" \/><\/a><\/p>\n<p>Dra. Mariane Krause, directora del Instituto Milenio para la Investigaci\u00f3n en Depresi\u00f3n y Personalidad, MIDAP.<\/p>\n<p>&nbsp;<\/p>\n<p>&nbsp;<\/p>\n<p>&nbsp;<\/p>\n<p>&nbsp;<\/p>\n<p>&nbsp;<\/p>\n<p>&nbsp;<\/p>\n<p><strong>Una ciudad deprimida<\/strong><\/p>\n<p>La Organizaci\u00f3n Mundial de la Salud se\u00f1ala que Santiago encabeza la lista de capitales con m\u00e1s alta frecuencia de depresi\u00f3n en el mundo. Adem\u00e1s, en los \u00faltimos a\u00f1os se ha observado un aumento importante de patolog\u00edas mentales en ni\u00f1os, j\u00f3venes y adultos j\u00f3venes, grupos etarios que hasta hace poco no eran considerados dentro de los sectores con mayor riesgo de enfermedades mentales.<\/p>\n<p>Por su parte, el Ministerio de Salud ha se\u00f1alado que en la poblaci\u00f3n urbana el porcentaje de cuadros depresivos alcanza el 18,3% versus el 12,4% de los sectores rurales. Tambi\u00e9n, la prevalencia es m\u00e1s alta en el nivel social bajo (20,8%).<\/p>\n<p>\u201cNo es que en los pa\u00edses m\u00e1s pobres exista m\u00e1s depresi\u00f3n y en los m\u00e1s desarrollados menos. El tema es bastante m\u00e1s complejo, la depresi\u00f3n se concentra en ciertos pa\u00edses que han tenido un r\u00e1pido tr\u00e1nsito hacia un modelo de desarrollo distinto, como el caso de China, Corea y Chile\u201d, explica la especialista. Pero, al mismo tiempo al interior de algunos pa\u00edses que ya tienen \u00edndices de depresi\u00f3n altos como es Chile, la depresi\u00f3n se concentra en sectores sociales de m\u00e1s bajos ingresos.<\/p>\n<p>Sin duda, el modelo econ\u00f3mico y social del pa\u00eds favorece la depresi\u00f3n. \u201cHa habido un tr\u00e1nsito de lo que se llama una sociedad de caracter\u00edsticas m\u00e1s colectivistas a una sociedad m\u00e1s individualista\u201d. En los \u00faltimos diez a\u00f1os los chilenos han experimentado un deterioro de la vida en comunidad, afectando considerablemente las redes de apoyo\u00a0\u00a0de las personas. Esto se traduce en un aumento de los sentimientos de soledad y una sobrecarga de exigencias al pertenecer a un mundo cada vez m\u00e1s competitivo.<\/p>\n<p>Al convertirnos en una sociedad centrada en el individuo y en su bienestar resulta m\u00e1s dif\u00edcil mantener grupos de ayuda al momento de enfrentar conflictos, asegura la especialista. En sectores m\u00e1s pobre la situaci\u00f3n es de mayor gravedad, porque el estar expuesto cotidianamente a situaciones estresantes ligadas a la situaci\u00f3n de carencia, aumenta la vulnerabilidad a la depresi\u00f3n.<\/p>\n<p><strong>Perspectiva evolutiva.<\/strong><\/p>\n<p>Si analizamos los factores que influyen a lo largo de la vida de una persona, es necesario considerar el ambiente en que nace: \u201cPor un lado, importan las caracter\u00edsticas de los padres, porque si ellos est\u00e1n deprimidos van a tener una interacci\u00f3n distinta con ese beb\u00e9 y van a generar un apego m\u00e1s inseguro, que con los a\u00f1os puede convertir a la persona en alguien con una autoestima m\u00e1s baja y una mayor tendencia a deprimirse, y puede influir negativamente en sus propias capacidades para establecer relaciones personalmente gratificantes con otros\u201d, explica la directora de MIDAP.<\/p>\n<p>Para Mariane Krause, es importante explorar en profundidad las causas de la depresi\u00f3n, la manera de prevenirla de acuerdo a los distintos grupos y el tratamiento a seguir. \u201cEs necesario realizar una aproximaci\u00f3n multidimensional a la depresi\u00f3n, es decir, estudiarla desde distintos \u00e1ngulos\u201d. De esta manera, las dimensiones culturales, sociales, evolutivas, cognitivas, emocionales, conductuales, psico-fisiol\u00f3gicas y gen\u00e9ticas cobran importancia al momento de establecer un modelo de estudio.<\/p>\n<p>En este modelo, es necesario analizar la relaci\u00f3n entre depresi\u00f3n y personalidad y c\u00f3mo las caracter\u00edsticas de esta \u00faltima influyen en la manera en que la depresi\u00f3n se manifiesta cl\u00ednicamente. Por lo tanto, es necesario comprender la personalidad como un factor de predisposici\u00f3n o vulnerabilidad para el desarrollo de la depresi\u00f3n.<\/p>\n<p><strong>\u00bfIntroyectivo o anacl\u00edtico?<\/strong><\/p>\n<p>Existen dos tipos de depresi\u00f3n al momento de preguntarnos c\u00f3mo c\u00f3mo se manifiesta la depresila enfermedad: depresi\u00f3n anacl\u00edtica y depresi\u00f3n introyectiva.<\/p>\n<p>Los anacl\u00edticos est\u00e1n m\u00e1s centrados en la aprobaci\u00f3n de su entorno, por lo que el rechazo gatilla un cuadro depresivo caracterizado por sentimientos de desesperanza, soledad, debilidad, manifestando un intenso anhelo de ser amados y protegidos.<\/p>\n<p>Por su parte, quienes son considerados introyectivos, se enfocan en su propios logros, con una tendencia a la autoexigencia, la autocr\u00edtica y al cumplimiento de metas. Por lo tanto es necesario adaptar las terapias seg\u00fan las caracter\u00edsticas de cada individuo.<\/p>\n<p>Como ya ve\u00edamos, no es posible desvincular estas personalidades de su historia de vida, en especial sus v\u00ednculos afectivos tempranos.<\/p>\n<p>En definitiva, la prevalencia de trastornos mentales es un problema relevante para Chile.\u00a0Una comprensi\u00f3n profunda de la depresi\u00f3n, su prevenci\u00f3n y tratamiento requiere de\u00a0un enfoque multidimensional, que incluya la personalidad y las dimensiones culturales,\u00a0contexto social,\u00a0perspectiva evolutiva, gen\u00e9tica,\u00a0conductual,\u00a0emocional, cognitivas y psicofisiol\u00f3gica.<\/p>\n<p><strong>Por <\/strong><a href=\"https:\/\/plus.google.com\/+24horasCl\/about?rel=\"author&quot; noopener noreferrer\" target=\"_blank\"><strong>24Horas.cl TVN<\/strong><strong> <\/strong><\/a><\/p>\n<p><em>Foto principal: Freepik.es<\/em><\/p>\n","protected":false},"excerpt":{"rendered":"<p>De acuerdo a la OMS este mal afecta a m\u00e1s de 350 millones de personas, es decir, a un 15% de la poblaci\u00f3n mundial, convirti\u00e9ndola en la patolog\u00eda mental de mayor prevalencia. Las cifras lo explican claramente. Chile se ubica [&hellip;]<\/p>\n","protected":false},"author":1,"featured_media":2324,"comment_status":"closed","ping_status":"closed","sticky":false,"template":"","format":"standard","meta":[],"categories":[14],"tags":[],"_links":{"self":[{"href":"https:\/\/www.redgesam.cl\/web\/index.php\/wp-json\/wp\/v2\/posts\/2323"}],"collection":[{"href":"https:\/\/www.redgesam.cl\/web\/index.php\/wp-json\/wp\/v2\/posts"}],"about":[{"href":"https:\/\/www.redgesam.cl\/web\/index.php\/wp-json\/wp\/v2\/types\/post"}],"author":[{"embeddable":true,"href":"https:\/\/www.redgesam.cl\/web\/index.php\/wp-json\/wp\/v2\/users\/1"}],"replies":[{"embeddable":true,"href":"https:\/\/www.redgesam.cl\/web\/index.php\/wp-json\/wp\/v2\/comments?post=2323"}],"version-history":[{"count":0,"href":"https:\/\/www.redgesam.cl\/web\/index.php\/wp-json\/wp\/v2\/posts\/2323\/revisions"}],"wp:featuredmedia":[{"embeddable":true,"href":"https:\/\/www.redgesam.cl\/web\/index.php\/wp-json\/"}],"wp:attachment":[{"href":"https:\/\/www.redgesam.cl\/web\/index.php\/wp-json\/wp\/v2\/media?parent=2323"}],"wp:term":[{"taxonomy":"category","embeddable":true,"href":"https:\/\/www.redgesam.cl\/web\/index.php\/wp-json\/wp\/v2\/categories?post=2323"},{"taxonomy":"post_tag","embeddable":true,"href":"https:\/\/www.redgesam.cl\/web\/index.php\/wp-json\/wp\/v2\/tags?post=2323"}],"curies":[{"name":"wp","href":"https:\/\/api.w.org\/{rel}","templated":true}]}}