{"id":2344,"date":"2015-12-03T07:56:04","date_gmt":"2015-12-03T11:56:04","guid":{"rendered":"http:\/\/www.redgesam.cl\/wp\/?p=2344"},"modified":"2015-12-03T07:56:04","modified_gmt":"2015-12-03T11:56:04","slug":"feliz-dia-del-medico","status":"publish","type":"post","link":"https:\/\/www.redgesam.cl\/web\/index.php\/2015\/12\/03\/feliz-dia-del-medico\/","title":{"rendered":"\u00a1Feliz d\u00eda del M\u00e9dico!"},"content":{"rendered":"<p>En el D\u00eda del M\u00e9dico:<\/p>\n<p>Al celebrarse hoy el D\u00eda del M\u00e9dico, reciban Uds. un afectuoso saludo y el mayor reconocimiento a la labor que realizan a diario a lo largo de todo el pa\u00eds.<\/p>\n<p>La ocasi\u00f3n nos llama a reflexionar sobre el rol que cumple la Medicina en nuestra sociedad, especialmente en lo vinculante con la Salud Mental. Ella debe otorgarse como una noci\u00f3n de servicio al pr\u00f3jimo en la construcci\u00f3n de un mundo m\u00e1s humanista y solidario. El compromiso ineludible e incondicional con nuestros pacientes debe ser siempre nuestro norte.<\/p>\n<p>Aprovechamos la oportunidad para agradecer muy sinceramente el profesionalismo, la buena voluntad, la entrega y la buena disposici\u00f3n de los m\u00e9dicos de Redgesam, que los convierte en pilares fundamentales de nuestra organizaci\u00f3n.<\/p>\n<p>Junto a Uds. seguiremos trabajando y reforzando este gran equipo para enfrentar y contribuir a los grandes desaf\u00edos de la Salud Mental.<\/p>\n<p><a style=\"color: #ff4b33;\" href=\"http:\/\/www.redgesam.cl\/wp\/wp-content\/uploads\/2015\/12\/M\u00e9dicos.png\"><img decoding=\"async\" class=\"lazyload alignleft size-large wp-image-2345\" title=\"M\u00e9dicos\" src=\"data:image\/svg+xml,%3Csvg%20xmlns%3D%27http%3A%2F%2Fwww.w3.org%2F2000%2Fsvg%27%20width%3D%27640%27%20height%3D%27466%27%20viewBox%3D%270%200%20640%20466%27%3E%3Crect%20width%3D%27640%27%20height%3D%27466%27%20fill-opacity%3D%220%22%2F%3E%3C%2Fsvg%3E\" data-orig-src=\"http:\/\/www.redgesam.cl\/wp\/wp-content\/uploads\/2015\/12\/M\u00e9dicos-1024x747.png\" alt=\"\" width=\"640\" height=\"466\" \/><\/a><\/p>\n","protected":false},"excerpt":{"rendered":"<p>En el D\u00eda del M\u00e9dico: Al celebrarse hoy el D\u00eda del M\u00e9dico, reciban Uds. un afectuoso saludo y el mayor reconocimiento a la labor que realizan a diario a lo largo de todo el pa\u00eds. La ocasi\u00f3n nos llama a [&hellip;]<\/p>\n","protected":false},"author":1,"featured_media":2345,"comment_status":"closed","ping_status":"closed","sticky":false,"template":"","format":"standard","meta":[],"categories":[17],"tags":[],"_links":{"self":[{"href":"https:\/\/www.redgesam.cl\/web\/index.php\/wp-json\/wp\/v2\/posts\/2344"}],"collection":[{"href":"https:\/\/www.redgesam.cl\/web\/index.php\/wp-json\/wp\/v2\/posts"}],"about":[{"href":"https:\/\/www.redgesam.cl\/web\/index.php\/wp-json\/wp\/v2\/types\/post"}],"author":[{"embeddable":true,"href":"https:\/\/www.redgesam.cl\/web\/index.php\/wp-json\/wp\/v2\/users\/1"}],"replies":[{"embeddable":true,"href":"https:\/\/www.redgesam.cl\/web\/index.php\/wp-json\/wp\/v2\/comments?post=2344"}],"version-history":[{"count":0,"href":"https:\/\/www.redgesam.cl\/web\/index.php\/wp-json\/wp\/v2\/posts\/2344\/revisions"}],"wp:featuredmedia":[{"embeddable":true,"href":"https:\/\/www.redgesam.cl\/web\/index.php\/wp-json\/"}],"wp:attachment":[{"href":"https:\/\/www.redgesam.cl\/web\/index.php\/wp-json\/wp\/v2\/media?parent=2344"}],"wp:term":[{"taxonomy":"category","embeddable":true,"href":"https:\/\/www.redgesam.cl\/web\/index.php\/wp-json\/wp\/v2\/categories?post=2344"},{"taxonomy":"post_tag","embeddable":true,"href":"https:\/\/www.redgesam.cl\/web\/index.php\/wp-json\/wp\/v2\/tags?post=2344"}],"curies":[{"name":"wp","href":"https:\/\/api.w.org\/{rel}","templated":true}]}}