{"id":2373,"date":"2015-12-22T21:46:45","date_gmt":"2015-12-23T01:46:45","guid":{"rendered":"http:\/\/www.redgesam.cl\/wp\/?p=2373"},"modified":"2015-12-22T21:46:45","modified_gmt":"2015-12-23T01:46:45","slug":"saludo-navidad","status":"publish","type":"post","link":"https:\/\/www.redgesam.cl\/web\/index.php\/2015\/12\/22\/saludo-navidad\/","title":{"rendered":"Saludo Navidad"},"content":{"rendered":"<p><a href=\"http:\/\/www.redgesam.cl\/wp\/wp-content\/uploads\/2015\/12\/SaludoNavidadRedgesamWEB.png\"><img decoding=\"async\" class=\"lazyload alignleft size-full wp-image-2376\" title=\"SaludoNavidadRedgesamWEB\" src=\"data:image\/svg+xml,%3Csvg%20xmlns%3D%27http%3A%2F%2Fwww.w3.org%2F2000%2Fsvg%27%20width%3D%271000%27%20height%3D%27625%27%20viewBox%3D%270%200%201000%20625%27%3E%3Crect%20width%3D%271000%27%20height%3D%27625%27%20fill-opacity%3D%220%22%2F%3E%3C%2Fsvg%3E\" data-orig-src=\"http:\/\/www.redgesam.cl\/wp\/wp-content\/uploads\/2015\/12\/SaludoNavidadRedgesamWEB.png\" alt=\"\" width=\"1000\" height=\"625\" \/><\/a><\/p>\n<p>&nbsp;<br \/>\n&nbsp;<br \/>\n&nbsp;<br \/>\n&nbsp;<br \/>\n&nbsp;<br \/>\n&nbsp;<br \/>\n&nbsp;<br \/>\n&nbsp;<br \/>\n&nbsp;<br \/>\n&nbsp;<br \/>\n&nbsp;<br \/>\n&nbsp;<br \/>\n&nbsp;<br \/>\n&nbsp;<br \/>\n&nbsp;<br \/>\n&nbsp;<br \/>\n&nbsp;<br \/>\n&nbsp;<br \/>\n&nbsp;<br \/>\n&nbsp;<br \/>\n&nbsp;<br \/>\n&nbsp;<br \/>\n&nbsp;<br \/>\n&nbsp;<br \/>\n&nbsp;<br \/>\n&nbsp;<br \/>\n&nbsp;<br \/>\n&nbsp;<br \/>\n&nbsp;<br \/>\n&nbsp;<\/p>\n<p>&nbsp;<\/p>\n<p>&nbsp;<\/p>\n<p>&nbsp;<\/p>\n<p>&nbsp;<\/p>\n<p>Que el esp\u00edritu navide\u00f1o inunde vuestros corazones con bondad y mucha alegr\u00eda.<\/p>\n<p>Que la paz se apodere de vuestro entorno familiar, social y laboral.<\/p>\n<p>Que la esperanza ilumine vuestros sue\u00f1os para que se cumplan las metas y anhelos en este<\/p>\n<p>2016 que est\u00e1 por llegar.<\/p>\n<p>FELIZ NAVIDAD Y PR\u00d3SPERO A\u00d1O NUEVO<\/p>\n<p>Les desea, con mucho afecto,<\/p>\n<p>LA GERENCIA DE REDGESAM<\/p>\n<p>&nbsp;<\/p>\n","protected":false},"excerpt":{"rendered":"<p>&nbsp; &nbsp; &nbsp; &nbsp; &nbsp; &nbsp; &nbsp; &nbsp; &nbsp; &nbsp; &nbsp; &nbsp; &nbsp; &nbsp; &nbsp; &nbsp; &nbsp; &nbsp; &nbsp; &nbsp; &nbsp; &nbsp; &nbsp; &nbsp; &nbsp; &nbsp; &nbsp; &nbsp; &nbsp; &nbsp; &nbsp; &nbsp; &nbsp; &nbsp; Que el esp\u00edritu navide\u00f1o inunde vuestros [&hellip;]<\/p>\n","protected":false},"author":1,"featured_media":2376,"comment_status":"closed","ping_status":"closed","sticky":false,"template":"","format":"standard","meta":[],"categories":[17],"tags":[],"_links":{"self":[{"href":"https:\/\/www.redgesam.cl\/web\/index.php\/wp-json\/wp\/v2\/posts\/2373"}],"collection":[{"href":"https:\/\/www.redgesam.cl\/web\/index.php\/wp-json\/wp\/v2\/posts"}],"about":[{"href":"https:\/\/www.redgesam.cl\/web\/index.php\/wp-json\/wp\/v2\/types\/post"}],"author":[{"embeddable":true,"href":"https:\/\/www.redgesam.cl\/web\/index.php\/wp-json\/wp\/v2\/users\/1"}],"replies":[{"embeddable":true,"href":"https:\/\/www.redgesam.cl\/web\/index.php\/wp-json\/wp\/v2\/comments?post=2373"}],"version-history":[{"count":0,"href":"https:\/\/www.redgesam.cl\/web\/index.php\/wp-json\/wp\/v2\/posts\/2373\/revisions"}],"wp:featuredmedia":[{"embeddable":true,"href":"https:\/\/www.redgesam.cl\/web\/index.php\/wp-json\/"}],"wp:attachment":[{"href":"https:\/\/www.redgesam.cl\/web\/index.php\/wp-json\/wp\/v2\/media?parent=2373"}],"wp:term":[{"taxonomy":"category","embeddable":true,"href":"https:\/\/www.redgesam.cl\/web\/index.php\/wp-json\/wp\/v2\/categories?post=2373"},{"taxonomy":"post_tag","embeddable":true,"href":"https:\/\/www.redgesam.cl\/web\/index.php\/wp-json\/wp\/v2\/tags?post=2373"}],"curies":[{"name":"wp","href":"https:\/\/api.w.org\/{rel}","templated":true}]}}