{"id":2399,"date":"2016-01-18T12:01:19","date_gmt":"2016-01-18T16:01:19","guid":{"rendered":"http:\/\/www.redgesam.cl\/wp\/?p=2399"},"modified":"2016-01-18T12:01:19","modified_gmt":"2016-01-18T16:01:19","slug":"apoyo-para-depresion-post-parto","status":"publish","type":"post","link":"https:\/\/www.redgesam.cl\/web\/index.php\/2016\/01\/18\/apoyo-para-depresion-post-parto\/","title":{"rendered":"Apoyo para depresi\u00f3n post parto"},"content":{"rendered":"<p><a href=\"http:\/\/www.redgesam.cl\/wp\/wp-content\/uploads\/2016\/01\/FOTO-DEPRESION-POST-PARTO.jpg\"><img decoding=\"async\" class=\"lazyload alignleft size-thumbnail wp-image-2400\" title=\"FOTO DEPRESION POST PARTO\" src=\"data:image\/svg+xml,%3Csvg%20xmlns%3D%27http%3A%2F%2Fwww.w3.org%2F2000%2Fsvg%27%20width%3D%27150%27%20height%3D%27150%27%20viewBox%3D%270%200%20150%20150%27%3E%3Crect%20width%3D%27150%27%20height%3D%27150%27%20fill-opacity%3D%220%22%2F%3E%3C%2Fsvg%3E\" data-orig-src=\"http:\/\/www.redgesam.cl\/wp\/wp-content\/uploads\/2016\/01\/FOTO-DEPRESION-POST-PARTO-150x150.jpg\" alt=\"\" width=\"150\" height=\"150\" \/><\/a>El Primer ministro brit\u00e1nico David Cameron anunci\u00f3 un paquete de reformas sociales, entre las que se incluye <strong>la necesidad urgente de tratar la depresi\u00f3n postparto en las mujeres<\/strong>. Anunci\u00f3 que todas las embarazadas contar\u00e1n con un especialista en salud mental que har\u00e1 un seguimiento durante la gestaci\u00f3n y tras el nacimiento del beb\u00e9.<\/p>\n<p>La depresi\u00f3n postparto es una enfermedad invisible, muchas veces subestimada, que afecta a entre un 10 y un 25% de las madres recientes, en Reino Unido son 44 mil las mujeres que sufren alguna sintomatolog\u00eda depresiva antes o tras dar a luz.<\/p>\n<p>Cuando una mujer se convierte en madre se supone que debe sentirse plena y feliz, pero son muchas las madres recientes que experimentan sentimientos de malestar, tristeza, irritabilidad, melancol\u00eda o ansiedad en los primeros d\u00edas posteriores al parto. Puede quedarse en un <a href=\"http:\/\/www.bebesymas.com\/postparto\/como-superar-la-tristeza-tras-el-parto\">&#8220;baby blues&#8221;<\/a>, o extenderse en el tiempo y convertirse en una depresi\u00f3n postparto.<\/p>\n<p>Pero muchas veces <a href=\"http:\/\/www.bebesymas.com\/postparto\/depresion-postparto-que-es-y-como-reconocerla\">es dif\u00edcil reconocerla<\/a> y mucho m\u00e1s pedir ayuda. Por ello es importante que la mujer cuente con apoyo profesional a lo largo del embarazo, como promete Reino Unido, que pueda hacer un seguimiento y detectar posibles se\u00f1ales de alarma.<\/p>\n<p>El embarazo no es un proceso que solamente hay que tratar desde un punto de vista f\u00edsico, es un proceso complejo tanto a nivel f\u00edsico como emocional, un aspecto que no suele ser tenido en cuenta. Por eso, e<strong>s un ejemplo a seguir que el gobierno brit\u00e1nico destine recursos para tratar la salud mental de la embarazada<\/strong>.<\/p>\n<p>Tambi\u00e9n anunci\u00f3 que se dar\u00e1n cursos de paternidad, se mejorar\u00e1 el tratamiento de adolescentes con trastornos alimenticios y se invertir\u00e1 en general en el tratamiento de enfermedades mentales.<\/p>\n","protected":false},"excerpt":{"rendered":"<p>El Primer ministro brit\u00e1nico David Cameron anunci\u00f3 un paquete de reformas sociales, entre las que se incluye la necesidad urgente de tratar la depresi\u00f3n postparto en las mujeres. Anunci\u00f3 que todas las embarazadas contar\u00e1n con un especialista en salud mental [&hellip;]<\/p>\n","protected":false},"author":1,"featured_media":2400,"comment_status":"closed","ping_status":"closed","sticky":false,"template":"","format":"standard","meta":[],"categories":[14],"tags":[],"_links":{"self":[{"href":"https:\/\/www.redgesam.cl\/web\/index.php\/wp-json\/wp\/v2\/posts\/2399"}],"collection":[{"href":"https:\/\/www.redgesam.cl\/web\/index.php\/wp-json\/wp\/v2\/posts"}],"about":[{"href":"https:\/\/www.redgesam.cl\/web\/index.php\/wp-json\/wp\/v2\/types\/post"}],"author":[{"embeddable":true,"href":"https:\/\/www.redgesam.cl\/web\/index.php\/wp-json\/wp\/v2\/users\/1"}],"replies":[{"embeddable":true,"href":"https:\/\/www.redgesam.cl\/web\/index.php\/wp-json\/wp\/v2\/comments?post=2399"}],"version-history":[{"count":0,"href":"https:\/\/www.redgesam.cl\/web\/index.php\/wp-json\/wp\/v2\/posts\/2399\/revisions"}],"wp:featuredmedia":[{"embeddable":true,"href":"https:\/\/www.redgesam.cl\/web\/index.php\/wp-json\/"}],"wp:attachment":[{"href":"https:\/\/www.redgesam.cl\/web\/index.php\/wp-json\/wp\/v2\/media?parent=2399"}],"wp:term":[{"taxonomy":"category","embeddable":true,"href":"https:\/\/www.redgesam.cl\/web\/index.php\/wp-json\/wp\/v2\/categories?post=2399"},{"taxonomy":"post_tag","embeddable":true,"href":"https:\/\/www.redgesam.cl\/web\/index.php\/wp-json\/wp\/v2\/tags?post=2399"}],"curies":[{"name":"wp","href":"https:\/\/api.w.org\/{rel}","templated":true}]}}