{"id":2402,"date":"2016-01-26T07:52:12","date_gmt":"2016-01-26T11:52:12","guid":{"rendered":"http:\/\/www.redgesam.cl\/wp\/?p=2402"},"modified":"2016-01-26T07:52:12","modified_gmt":"2016-01-26T11:52:12","slug":"no-hay-salud-sin-salud-mental-2","status":"publish","type":"post","link":"https:\/\/www.redgesam.cl\/web\/index.php\/2016\/01\/26\/no-hay-salud-sin-salud-mental-2\/","title":{"rendered":"No hay salud sin Salud Mental"},"content":{"rendered":"<p><a href=\"http:\/\/www.redgesam.cl\/wp\/wp-content\/uploads\/2016\/01\/MUJER-SALUD.jpg\"><img decoding=\"async\" class=\"lazyload alignleft size-thumbnail wp-image-2403\" title=\"MUJER SALUD\" src=\"data:image\/svg+xml,%3Csvg%20xmlns%3D%27http%3A%2F%2Fwww.w3.org%2F2000%2Fsvg%27%20width%3D%27150%27%20height%3D%27150%27%20viewBox%3D%270%200%20150%20150%27%3E%3Crect%20width%3D%27150%27%20height%3D%27150%27%20fill-opacity%3D%220%22%2F%3E%3C%2Fsvg%3E\" data-orig-src=\"http:\/\/www.redgesam.cl\/wp\/wp-content\/uploads\/2016\/01\/MUJER-SALUD-150x150.jpg\" alt=\"\" width=\"150\" height=\"150\" \/><\/a>Muchas veces subestimamos la salud mental y no le damos la importancia que merece, posiblemente porque la deficiencia de \u00e9sta no presenta s\u00edntomas tan notorios y visibles como las enfermedades f\u00edsicas. Sin embargo, los \u00edndices de depresi\u00f3n en todas las edades van en aumento.<br \/>\nLos trastornos de ansiedad, bipolaridad, autismo, entre otros, ocupan las salas de urgencias de los centros m\u00e9dicos porque, al igual que los problemas f\u00edsicos, los cuadros psiqui\u00e1tricos tambi\u00e9n necesitan atenci\u00f3n oportuna y eficiente.<br \/>\nA continuaci\u00f3n, algunos h\u00e1bitos que pueden ayudar a mantener y mejorar la salud mental:<br \/>\n<strong>Agradecer<\/strong><br \/>\nAprender a ver las cosas positivas de la vida y a restarle importancia a las negativas. Nuestra vida depender\u00e1 del enfoque que le demos, seguro hay por lo menos una cosa por la que puedas agradecer a la vida<br \/>\n<strong>Ejercicios<\/strong><br \/>\nEl cuerpo y la mente sin duda est\u00e1n conectados y s\u00ed tu cuerpo se siente bien, por ende tu mente tambi\u00e9n. Practica el ejercicio al menos una vez por semana, esto te ayudar\u00e1 a liberarte del estr\u00e9s y generar endorfinas, las hormonas de la felicidad, que te generar\u00e1n bienestar y mejorar\u00e1n tu estado de \u00e1nimo.<br \/>\n<strong>\u00a0Relaciones sociales<\/strong><br \/>\nPasar tiempo con tu mejor amigo puede reducir el estr\u00e9s. Las relaciones sociales son fundamentales para la salud mental.<br \/>\n<strong>\u00a0Dieta<\/strong><br \/>\nConsumir frutas, verduras y alimentos ben\u00e9ficos para el cerebro, como las nueces o las espinacas.<br \/>\n<strong>Decir no<br \/>\n<\/strong>En la vida son necesarias tanto las afirmaciones como las negaciones. Es importante para nuestra salud mental expresar cuando no queremos hacer algo o cuando algo no nos gusta. Saber poner l\u00edmites tambi\u00e9n es una forma de cuidar nuestra salud mental.<\/p>\n<p><strong>Para mayor informaci\u00f3n, por favor, contactar a Redgesam<\/strong><\/p>\n","protected":false},"excerpt":{"rendered":"<p>Muchas veces subestimamos la salud mental y no le damos la importancia que merece, posiblemente porque la deficiencia de \u00e9sta no presenta s\u00edntomas tan notorios y visibles como las enfermedades f\u00edsicas. Sin embargo, los \u00edndices de depresi\u00f3n en todas las [&hellip;]<\/p>\n","protected":false},"author":1,"featured_media":2403,"comment_status":"closed","ping_status":"closed","sticky":false,"template":"","format":"standard","meta":[],"categories":[14],"tags":[],"_links":{"self":[{"href":"https:\/\/www.redgesam.cl\/web\/index.php\/wp-json\/wp\/v2\/posts\/2402"}],"collection":[{"href":"https:\/\/www.redgesam.cl\/web\/index.php\/wp-json\/wp\/v2\/posts"}],"about":[{"href":"https:\/\/www.redgesam.cl\/web\/index.php\/wp-json\/wp\/v2\/types\/post"}],"author":[{"embeddable":true,"href":"https:\/\/www.redgesam.cl\/web\/index.php\/wp-json\/wp\/v2\/users\/1"}],"replies":[{"embeddable":true,"href":"https:\/\/www.redgesam.cl\/web\/index.php\/wp-json\/wp\/v2\/comments?post=2402"}],"version-history":[{"count":0,"href":"https:\/\/www.redgesam.cl\/web\/index.php\/wp-json\/wp\/v2\/posts\/2402\/revisions"}],"wp:featuredmedia":[{"embeddable":true,"href":"https:\/\/www.redgesam.cl\/web\/index.php\/wp-json\/"}],"wp:attachment":[{"href":"https:\/\/www.redgesam.cl\/web\/index.php\/wp-json\/wp\/v2\/media?parent=2402"}],"wp:term":[{"taxonomy":"category","embeddable":true,"href":"https:\/\/www.redgesam.cl\/web\/index.php\/wp-json\/wp\/v2\/categories?post=2402"},{"taxonomy":"post_tag","embeddable":true,"href":"https:\/\/www.redgesam.cl\/web\/index.php\/wp-json\/wp\/v2\/tags?post=2402"}],"curies":[{"name":"wp","href":"https:\/\/api.w.org\/{rel}","templated":true}]}}