{"id":2428,"date":"2016-02-25T11:02:35","date_gmt":"2016-02-25T15:02:35","guid":{"rendered":"http:\/\/www.redgesam.cl\/wp\/?p=2428"},"modified":"2016-02-25T11:02:35","modified_gmt":"2016-02-25T15:02:35","slug":"depresion-el-dr-google-no-es-el-mejor-de-los-medicos","status":"publish","type":"post","link":"https:\/\/www.redgesam.cl\/web\/index.php\/2016\/02\/25\/depresion-el-dr-google-no-es-el-mejor-de-los-medicos\/","title":{"rendered":"Depresi\u00f3n: El Dr. Google no es el mejor de los m\u00e9dicos"},"content":{"rendered":"<p class=\"MsoNormal\" style=\"margin-bottom: 12.0pt; line-height: normal;\"><span style=\"font-size: 10.5pt; font-family: Lato; mso-fareast-font-family: 'Times New Roman'; mso-bidi-font-family: Helvetica; color: #383838; mso-fareast-language: ES;\" lang=\"ES\"><a href=\"http:\/\/www.redgesam.cl\/wp\/wp-content\/uploads\/2016\/02\/FOTO-DR.-GOOGLE.jpg\"><img decoding=\"async\" class=\"lazyload alignleft size-medium wp-image-2429\" title=\"FOTO DR. GOOGLE\" src=\"data:image\/svg+xml,%3Csvg%20xmlns%3D%27http%3A%2F%2Fwww.w3.org%2F2000%2Fsvg%27%20width%3D%27257%27%20height%3D%27300%27%20viewBox%3D%270%200%20257%20300%27%3E%3Crect%20width%3D%27257%27%20height%3D%27300%27%20fill-opacity%3D%220%22%2F%3E%3C%2Fsvg%3E\" data-orig-src=\"http:\/\/www.redgesam.cl\/wp\/wp-content\/uploads\/2016\/02\/FOTO-DR.-GOOGLE-257x300.jpg\" alt=\"\" width=\"257\" height=\"300\" \/><\/a>\u00bfQu\u00e9 significa tener depresi\u00f3n? \u00bfPadecerla puede llevar a una conducta suicida?. \u00bfEs una enfermedad mental como cualquier otra y requiere de un tratamiento m\u00e9dico?<\/span><\/p>\n<p class=\"MsoNormal\" style=\"margin-bottom: 12.0pt; line-height: normal;\"><span style=\"font-size: 10.5pt; font-family: Lato; mso-fareast-font-family: 'Times New Roman'; mso-bidi-font-family: Helvetica; color: #383838; mso-fareast-language: ES;\" lang=\"ES\">Esas interrogantes son respondidas por el m\u00e9dico psiquiatra Pac\u00edfico Gallegos, al explicar los s\u00edntomas de la enfermedad, y el c\u00f3mo enfrentarla. <\/span><\/p>\n<p class=\"MsoNormal\" style=\"margin-bottom: 12.0pt; line-height: normal;\"><span style=\"font-size: 10.5pt; font-family: Lato; mso-fareast-font-family: 'Times New Roman'; mso-bidi-font-family: Helvetica; color: #383838; mso-fareast-language: ES;\" lang=\"ES\">El profesional de la salud mental explica que en los \u00faltimos a\u00f1os se han registrado notables avances para diagnosticarla\u00a0 y \u00a0recomienda no creer en un 100 % en el \u201cDoctor Google\u201d, pues las malas interpretaciones son usuales en la informaci\u00f3n que circula sobre la depresi\u00f3n.<\/span><\/p>\n<p class=\"MsoNormal\" style=\"margin-bottom: 12.0pt; line-height: normal;\"><span style=\"font-size: 10.5pt; font-family: Lato; mso-fareast-font-family: 'Times New Roman'; mso-bidi-font-family: Helvetica; color: #383838; mso-fareast-language: ES;\" lang=\"ES\"><br \/>\n<\/span><strong><span style=\"font-size: 10.5pt; mso-bidi-font-size: 11.0pt; font-family: Lato; mso-fareast-font-family: 'Times New Roman'; mso-bidi-font-family: Helvetica; color: #383838; mso-fareast-language: ES;\" lang=\"ES\">\u00bfC\u00f3mo definir\u00edamos a la depresi\u00f3n?<\/span><\/strong><span style=\"font-size: 10.5pt; font-family: Lato; mso-fareast-font-family: 'Times New Roman'; mso-bidi-font-family: Helvetica; color: #383838; mso-fareast-language: ES;\" lang=\"ES\"><br \/>\nLa depresi\u00f3n es una enfermedad mental que primero afecta al estado an\u00edmico de la persona. Eso no significa que sea un caso de tristeza, pues la depresi\u00f3n se manifiesta en s\u00edntomas ps\u00edquicos y f\u00edsicos. En lo ps\u00edquico, se presenta la anhedonia, que es perder el gusto o placer por diferentes actividades que antes se disfrutaba. Por ejemplo, a alguien le gusta ir al estadio a ver un partido de f\u00fatbol, y luego deja de hacerlo. Es que a un deprimido, eso ya no le causa placer. Y en lo f\u00edsico, como la alteraci\u00f3n del sue\u00f1o, falta de concentraci\u00f3n, memoria, o la irritabilidad.<\/span><\/p>\n<p class=\"MsoNormal\" style=\"margin-bottom: 12.0pt; line-height: normal;\"><strong><span style=\"font-size: 10.5pt; mso-bidi-font-size: 11.0pt; font-family: Lato; mso-fareast-font-family: 'Times New Roman'; mso-bidi-font-family: Helvetica; color: #383838; mso-fareast-language: ES;\" lang=\"ES\">\u00bfIncide la depresi\u00f3n en el suicidio, especialmente en los j\u00f3venes? \u00a0Pues seg\u00fan la OMS, la depresi\u00f3n es la segunda causa de muerte en el grupo de personas de 15 a 29 a\u00f1os.\u00a0<\/span><\/strong><span style=\"font-size: 10.5pt; font-family: Lato; mso-fareast-font-family: 'Times New Roman'; mso-bidi-font-family: Helvetica; color: #383838; mso-fareast-language: ES;\" lang=\"ES\"><br \/>\nEl suicidio es una de las complicaciones de los cuadros depresivos. Pero no solo en los j\u00f3venes, puede ser en cualquier edad, incluso en ancianos. Si se presenta en cuadros severos, puede haber ideas de la muerte, que no necesariamente son suicidas. En temas generales, basados en publicaciones, no todos los que suicidan son depresivos. Al parecer solo dos tercios de las personas que optan por una conducta suicida, tiene un cuadro depresivo. El otro, puede tener los otros cuadros de enfermedades mentales que existen. La persona no tiene que estar deprimida para suicidarse.<\/span><\/p>\n<p class=\"MsoNormal\" style=\"margin-bottom: 12.0pt; line-height: normal;\"><strong><span style=\"font-size: 10.5pt; mso-bidi-font-size: 11.0pt; font-family: Lato; mso-fareast-font-family: 'Times New Roman'; mso-bidi-font-family: Helvetica; color: #383838; mso-fareast-language: ES;\" lang=\"ES\">\u00bfQu\u00e9 factores inciden para que aparezca un cuadro depresivo?<\/span><\/strong><span style=\"font-size: 10.5pt; font-family: Lato; mso-fareast-font-family: 'Times New Roman'; mso-bidi-font-family: Helvetica; color: #383838; mso-fareast-language: ES;\" lang=\"ES\"><br \/>\nLa depresi\u00f3n es una enfermedad, que al parecer se debe por la alteraci\u00f3n de los sujetos qu\u00edmicos del cerebro. En todos los cerebros hay sustancias que tienen que estar en equilibrio absoluto. Ni m\u00e1s ni menos. Todav\u00eda no sabemos la raz\u00f3n por qu\u00e9 en algunas personas se disminuye esa sustancia, y eso causa los s\u00edntomas depresivos.<\/span><\/p>\n<p class=\"MsoNormal\" style=\"margin-bottom: 12.0pt; line-height: normal;\"><strong><span style=\"font-size: 10.5pt; mso-bidi-font-size: 11.0pt; font-family: Lato; mso-fareast-font-family: 'Times New Roman'; mso-bidi-font-family: Helvetica; color: #383838; mso-fareast-language: ES;\" lang=\"ES\">\u00bfA qui\u00e9nes afecta m\u00e1s, a los hombres o mujeres?<\/span><\/strong><span style=\"font-size: 10.5pt; font-family: Lato; mso-fareast-font-family: 'Times New Roman'; mso-bidi-font-family: Helvetica; color: #383838; mso-fareast-language: ES;\" lang=\"ES\"><br \/>\nAl parecer las mujeres son \u2018\u2019bendecidas de los Dioses\u201d, porque tienen m\u00e1s depresiones que los hombres. Pero eso es discutible. Al parecer, s\u00ed influye el mapa hormonal diferente, y hay factores que podr\u00edan vulnerar las estad\u00edsticas. Algunas definen que por cada 2 mujeres, hay un hombre con depresi\u00f3n, por los mapas hormonales. Se dice tambi\u00e9n, que las mujeres consultan m\u00e1s sobre los casos. En mi consulta privada, llegan 5 mujeres por cada hombre. Quiz\u00e1s es porque los varones, somos criados como los \u201cmachos o fuertes\u201d, al no expresar su tristeza. Pero cuando una mujer llora, es ternura. Entonces, una mujer puede consultar de manera m\u00e1s f\u00e1cil. Lo contrario del var\u00f3n.<\/span><\/p>\n<p class=\"MsoNormal\" style=\"margin-bottom: 12.0pt; line-height: normal;\"><span style=\"font-size: 10.5pt; font-family: Lato; mso-fareast-font-family: 'Times New Roman'; mso-bidi-font-family: Helvetica; color: #383838; mso-fareast-language: ES;\" lang=\"ES\"><br \/>\n<\/span><strong><span style=\"font-size: 10.5pt; mso-bidi-font-size: 11.0pt; font-family: Lato; mso-fareast-font-family: 'Times New Roman'; mso-bidi-font-family: Helvetica; color: #383838; mso-fareast-language: ES;\" lang=\"ES\">En las \u00faltimas d\u00e9cadas se ha registrado un aumento de casos depresivos. \u00bfA qu\u00e9 se debe?<\/span><\/strong><span style=\"font-size: 10.5pt; font-family: Lato; mso-fareast-font-family: 'Times New Roman'; mso-bidi-font-family: Helvetica; color: #383838; mso-fareast-language: ES;\" lang=\"ES\"><br \/>\nEs que ahora hay mejor diagn\u00f3sticos de los cuadros, as\u00ed como m\u00e1s profesionales de la salud mental para detectarlo. Hace 30 a\u00f1os, cuando alguien dec\u00eda que iba al psiquiatra, lo miraban como si estuviera \u201cloco\u201d. Por ejemplo, hasta hace alg\u00fan tiempo, cuando los pacientes me ped\u00edan cita, lo hac\u00edan luego de las 19:00 pm. Ahora no, usted puede ver un paciente a las 10:00 en consultorios, y ya no es peyorativo.<\/span><\/p>\n<p class=\"MsoNormal\" style=\"margin-bottom: 12.0pt; line-height: normal;\"><strong><span style=\"font-size: 10.5pt; mso-bidi-font-size: 11.0pt; font-family: Lato; mso-fareast-font-family: 'Times New Roman'; mso-bidi-font-family: Helvetica; color: #383838; mso-fareast-language: ES;\" lang=\"ES\">\u00bfEs necesaria la ayuda externa para superar la depresi\u00f3n?. Y si es as\u00ed. \u00bfHay recuperaci\u00f3n?<\/span><\/strong><span style=\"font-size: 10.5pt; font-family: Lato; mso-fareast-font-family: 'Times New Roman'; mso-bidi-font-family: Helvetica; color: #383838; mso-fareast-language: ES;\" lang=\"ES\"><br \/>\nEn una depresi\u00f3n leve, ocasionada por un factor identificable, por decir un duelo, la persona puede recuperarse. Pero cuando es elevada, el paciente necesitar\u00eda de un tratamiento m\u00e9dico y psicoterap\u00e9utico. Puede ser con medicamentos para ordenar en las alteraciones qu\u00edmicas. Y tambi\u00e9n la psicoterapia es muy \u00fatil. Ahora, hay un 50% de recuperaci\u00f3n seg\u00fan las estad\u00edsticas. Por ejemplo, de 100 personas con un cuadro depresivo, 50 solo lo presentar\u00e1n una sola vez en la vida. De esa mitad se podr\u00eda decir que se cur\u00f3. Un 25% la tendr\u00e1 dos veces, y el restante, la tendr\u00e1 tres o m\u00e1s.<\/span><\/p>\n<p class=\"MsoNormal\" style=\"margin-bottom: 12.0pt; line-height: normal;\"><strong><span style=\"font-size: 10.5pt; mso-bidi-font-size: 11.0pt; font-family: Lato; mso-fareast-font-family: 'Times New Roman'; mso-bidi-font-family: Helvetica; color: #383838; mso-fareast-language: ES;\" lang=\"ES\">\u00bfPodr\u00eda considerarse a la depresi\u00f3n dentro de un rango de discapacidad?<\/span><\/strong><span style=\"font-size: 10.5pt; font-family: Lato; mso-fareast-font-family: 'Times New Roman'; mso-bidi-font-family: Helvetica; color: #383838; mso-fareast-language: ES;\" lang=\"ES\"><br \/>\nSi se presentan casos de depresi\u00f3n cr\u00f3nica, quiz\u00e1s s\u00ed. Porque la persona ya no puede trabajar, tiene falta de atenci\u00f3n, memoria, concentraci\u00f3n, angustia, con el uso de medicamentos permanentes. Pero solo es en casos cr\u00f3nicos. Tendr\u00eda que ser una depresi\u00f3n recurrente, o sea si se repite varias veces. En estos casos, la tasa de mejor\u00edas con antidepresivos las sit\u00faan en el 85%. El 15% ser\u00eda de muy dif\u00edcil recuperaci\u00f3n. Las cifras son relativas porque son rangos.<\/span><\/p>\n<p class=\"MsoNormal\" style=\"margin-bottom: 12.0pt; line-height: normal;\"><strong><span style=\"font-size: 10.5pt; mso-bidi-font-size: 11.0pt; font-family: Lato; mso-fareast-font-family: 'Times New Roman'; mso-bidi-font-family: Helvetica; color: #383838; mso-fareast-language: ES;\" lang=\"ES\">\u00bfCu\u00e1l es el nivel de seguridad de los medicamentos?<\/span><\/strong><span style=\"font-size: 10.5pt; font-family: Lato; mso-fareast-font-family: 'Times New Roman'; mso-bidi-font-family: Helvetica; color: #383838; mso-fareast-language: ES;\" lang=\"ES\"><br \/>\nPrimero, hay que saber utilizarlos, con las recetas. Son seguros, pero la tolerancia es absolutamente individual. Por ejemplo, si a dos personas le doy la misma tableta, puede que a una persona le haga bien, pero al otro no la tolera. Es que todo medicamento tiene efectos secundarios, pero no son iguales en las personas. Puede ser que a algunos les haga perder el apetito, para unos estar\u00e1 perfecto, pero a otros, eso s\u00ed les importar\u00e1.<\/span><\/p>\n<p class=\"MsoNormal\" style=\"margin-bottom: 12.0pt; line-height: normal;\"><strong><span style=\"font-size: 10.5pt; mso-bidi-font-size: 11.0pt; font-family: Lato; mso-fareast-font-family: 'Times New Roman'; mso-bidi-font-family: Helvetica; color: #383838; mso-fareast-language: ES;\" lang=\"ES\">\u00bfFalta educaci\u00f3n de este tema en la sociedad?<\/span><\/strong><span style=\"font-size: 10.5pt; font-family: Lato; mso-fareast-font-family: 'Times New Roman'; mso-bidi-font-family: Helvetica; color: #383838; mso-fareast-language: ES;\" lang=\"ES\"><br \/>\nHa mejorado much\u00edsimo. La soluci\u00f3n no es solo con una \u201cpalmada en el hombro\u201d y diciendo al paciente &#8220;pon de tu parte&#8221;. Ahora, la gente sabe mucho m\u00e1s. \u00a0El Internet es un aliado, pero tambi\u00e9n un enemigo. El \u201cdoctor Google\u201d no es precisamente el mejor de los m\u00e9dicos. Nos da informaci\u00f3n, s\u00ed, pero no el conocimiento. La gente por lo que lee en la red, lo interpreta mal.<\/span><\/p>\n<p>&nbsp;<\/p>\n<p class=\"MsoNormal\" style=\"margin-bottom: 12.0pt; line-height: normal;\"><strong><span style=\"font-size: 10.5pt; mso-bidi-font-size: 11.0pt; font-family: Lato; mso-fareast-font-family: 'Times New Roman'; mso-bidi-font-family: Helvetica; color: #383838; mso-fareast-language: ES;\" lang=\"ES\">*El Dr Pac\u00edfico Gallegos es <\/span><\/strong><span style=\"font-size: 10.5pt; font-family: Lato; mso-fareast-font-family: 'Times New Roman'; mso-bidi-font-family: Helvetica; color: #383838; mso-fareast-language: ES;\" lang=\"ES\">m<\/span><strong><span style=\"font-size: 10.5pt; mso-bidi-font-size: 11.0pt; font-family: Lato; mso-fareast-font-family: 'Times New Roman'; mso-bidi-font-family: Helvetica; color: #383838; mso-fareast-language: ES;\" lang=\"ES\">\u00e9dico graduado en la Universidad Central del Ecuador y tiene<\/span><\/strong><span style=\"font-size: 10.5pt; font-family: Lato; mso-fareast-font-family: 'Times New Roman'; mso-bidi-font-family: Helvetica; color: #383838; mso-fareast-language: ES;\" lang=\"ES\"> t<\/span><strong><span style=\"font-size: 10.5pt; mso-bidi-font-size: 11.0pt; font-family: Lato; mso-fareast-font-family: 'Times New Roman'; mso-bidi-font-family: Helvetica; color: #383838; mso-fareast-language: ES;\" lang=\"ES\">\u00edtulo de especialista en la Universidad Complutense de Madrid.<\/span><\/strong><\/p>\n<p class=\"MsoNormal\" style=\"margin-bottom: 12.0pt; line-height: normal;\">\n<p class=\"MsoNormal\" style=\"margin-bottom: 12.0pt; line-height: normal;\"><a title=\"Entrevista\" href=\"https:\/\/www.google.com\/url?rct=j&amp;sa=t&amp;url=http:\/\/www.eltelegrafo.com.ec\/noticias\/sociedad\/4\/el-doctor-google-no-es-el-mejor-de-los-medicos&amp;ct=ga&amp;cd=CAEYCSoTMjcwNDMwOTYwMDA5NzMwNjcxMDIaNWRhZWQ0ZWU0MGE0N2UyODpjb206ZXM6VVM&amp;usg=AFQjCNE8uaVxmXiDF53GsrnSLxqDRVQPpw>&#8221; target=&#8221;_blank&#8221;>Ver entrevista completa aqu\u00ed<\/a><\/p>\n<p class=\"MsoNormal\" style=\"margin-bottom: 12.0pt; line-height: normal;\"><span style=\"font-size: 10.5pt; font-family: Lato; mso-fareast-font-family: 'Times New Roman'; mso-bidi-font-family: Helvetica; color: #383838; mso-fareast-language: ES;\" lang=\"ES\">\u00bfQu\u00e9 significa tener depresi\u00f3n? \u00bfPadecerla puede llevar a una conducta suicida?. \u00bfEs una enfermedad mental como cualquier otra y requiere de un tratamiento m\u00e9dico?<\/span><\/p>\n<p class=\"MsoNormal\" style=\"margin-bottom: 12.0pt; line-height: normal;\"><span style=\"font-size: 10.5pt; font-family: Lato; mso-fareast-font-family: 'Times New Roman'; mso-bidi-font-family: Helvetica; color: #383838; mso-fareast-language: ES;\" lang=\"ES\">Esas interrogantes son respondidas por el m\u00e9dico psiquiatra Pac\u00edfico Gallegos, al explicar los s\u00edntomas de la enfermedad, y el c\u00f3mo enfrentarla. <\/span><\/p>\n<p class=\"MsoNormal\" style=\"margin-bottom: 12.0pt; line-height: normal;\"><span style=\"font-size: 10.5pt; font-family: Lato; mso-fareast-font-family: 'Times New Roman'; mso-bidi-font-family: Helvetica; color: #383838; mso-fareast-language: ES;\" lang=\"ES\">El profesional de la salud mental explica que en los \u00faltimos a\u00f1os se han registrado notables avances para diagnosticarla\u00a0 y \u00a0recomienda no creer en un 100 % en el \u201cDoctor Google\u201d, pues las malas interpretaciones son usuales en la informaci\u00f3n que circula sobre la depresi\u00f3n.<\/span><\/p>\n<p class=\"MsoNormal\" style=\"margin-bottom: 12.0pt; line-height: normal;\"><span style=\"font-size: 10.5pt; font-family: Lato; mso-fareast-font-family: 'Times New Roman'; mso-bidi-font-family: Helvetica; color: #383838; mso-fareast-language: ES;\" lang=\"ES\"><br \/>\n<\/span><strong><span style=\"font-size: 10.5pt; mso-bidi-font-size: 11.0pt; font-family: Lato; mso-fareast-font-family: 'Times New Roman'; mso-bidi-font-family: Helvetica; color: #383838; mso-fareast-language: ES;\" lang=\"ES\">\u00bfC\u00f3mo definir\u00edamos a la depresi\u00f3n?<\/span><\/strong><span style=\"font-size: 10.5pt; font-family: Lato; mso-fareast-font-family: 'Times New Roman'; mso-bidi-font-family: Helvetica; color: #383838; mso-fareast-language: ES;\" lang=\"ES\"><br \/>\nLa depresi\u00f3n es una enfermedad mental que primero afecta al estado an\u00edmico de la persona. Eso no significa que sea un caso de tristeza, pues la depresi\u00f3n se manifiesta en s\u00edntomas ps\u00edquicos y f\u00edsicos. En lo ps\u00edquico, se presenta la anhedonia, que es perder el gusto o placer por diferentes actividades que antes se disfrutaba. Por ejemplo, a alguien le gusta ir al estadio a ver un partido de f\u00fatbol, y luego deja de hacerlo. Es que a un deprimido, eso ya no le causa placer. Y en lo f\u00edsico, como la alteraci\u00f3n del sue\u00f1o, falta de concentraci\u00f3n, memoria, o la irritabilidad.<\/span><\/p>\n<p class=\"MsoNormal\" style=\"margin-bottom: 12.0pt; line-height: normal;\"><strong><span style=\"font-size: 10.5pt; mso-bidi-font-size: 11.0pt; font-family: Lato; mso-fareast-font-family: 'Times New Roman'; mso-bidi-font-family: Helvetica; color: #383838; mso-fareast-language: ES;\" lang=\"ES\">\u00bfIncide la depresi\u00f3n en el suicidio, especialmente en los j\u00f3venes? \u00a0Pues seg\u00fan la OMS, la depresi\u00f3n es la segunda causa de muerte en el grupo de personas de 15 a 29 a\u00f1os.\u00a0<\/span><\/strong><span style=\"font-size: 10.5pt; font-family: Lato; mso-fareast-font-family: 'Times New Roman'; mso-bidi-font-family: Helvetica; color: #383838; mso-fareast-language: ES;\" lang=\"ES\"><br \/>\nEl suicidio es una de las complicaciones de los cuadros depresivos. Pero no solo en los j\u00f3venes, puede ser en cualquier edad, incluso en ancianos. Si se presenta en cuadros severos, puede haber ideas de la muerte, que no necesariamente son suicidas. En temas generales, basados en publicaciones, no todos los que suicidan son depresivos. Al parecer solo dos tercios de las personas que optan por una conducta suicida, tiene un cuadro depresivo. El otro, puede tener los otros cuadros de enfermedades mentales que existen. La persona no tiene que estar deprimida para suicidarse.<\/span><\/p>\n<p class=\"MsoNormal\" style=\"margin-bottom: 12.0pt; line-height: normal;\"><strong><span style=\"font-size: 10.5pt; mso-bidi-font-size: 11.0pt; font-family: Lato; mso-fareast-font-family: 'Times New Roman'; mso-bidi-font-family: Helvetica; color: #383838; mso-fareast-language: ES;\" lang=\"ES\">\u00bfQu\u00e9 factores inciden para que aparezca un cuadro depresivo?<\/span><\/strong><span style=\"font-size: 10.5pt; font-family: Lato; mso-fareast-font-family: 'Times New Roman'; mso-bidi-font-family: Helvetica; color: #383838; mso-fareast-language: ES;\" lang=\"ES\"><br \/>\nLa depresi\u00f3n es una enfermedad, que al parecer se debe por la alteraci\u00f3n de los sujetos qu\u00edmicos del cerebro. En todos los cerebros hay sustancias que tienen que estar en equilibrio absoluto. Ni m\u00e1s ni menos. Todav\u00eda no sabemos la raz\u00f3n por qu\u00e9 en algunas personas se disminuye esa sustancia, y eso causa los s\u00edntomas depresivos.<\/span><\/p>\n<p class=\"MsoNormal\" style=\"margin-bottom: 12.0pt; line-height: normal;\"><strong><span style=\"font-size: 10.5pt; mso-bidi-font-size: 11.0pt; font-family: Lato; mso-fareast-font-family: 'Times New Roman'; mso-bidi-font-family: Helvetica; color: #383838; mso-fareast-language: ES;\" lang=\"ES\">\u00bfA qui\u00e9nes afecta m\u00e1s, a los hombres o mujeres?<\/span><\/strong><span style=\"font-size: 10.5pt; font-family: Lato; mso-fareast-font-family: 'Times New Roman'; mso-bidi-font-family: Helvetica; color: #383838; mso-fareast-language: ES;\" lang=\"ES\"><br \/>\nAl parecer las mujeres son \u2018\u2019bendecidas de los Dioses\u201d, porque tienen m\u00e1s depresiones que los hombres. Pero eso es discutible. Al parecer, s\u00ed influye el mapa hormonal diferente, y hay factores que podr\u00edan vulnerar las estad\u00edsticas. Algunas definen que por cada 2 mujeres, hay un hombre con depresi\u00f3n, por los mapas hormonales. Se dice tambi\u00e9n, que las mujeres consultan m\u00e1s sobre los casos. En mi consulta privada, llegan 5 mujeres por cada hombre. Quiz\u00e1s es porque los varones, somos criados como los \u201cmachos o fuertes\u201d, al no expresar su tristeza. Pero cuando una mujer llora, es ternura. Entonces, una mujer puede consultar de manera m\u00e1s f\u00e1cil. Lo contrario del var\u00f3n.<\/span><\/p>\n<p class=\"MsoNormal\" style=\"margin-bottom: 12.0pt; line-height: normal;\"><span style=\"font-size: 10.5pt; font-family: Lato; mso-fareast-font-family: 'Times New Roman'; mso-bidi-font-family: Helvetica; color: #383838; mso-fareast-language: ES;\" lang=\"ES\"><br \/>\n<\/span><strong><span style=\"font-size: 10.5pt; mso-bidi-font-size: 11.0pt; font-family: Lato; mso-fareast-font-family: 'Times New Roman'; mso-bidi-font-family: Helvetica; color: #383838; mso-fareast-language: ES;\" lang=\"ES\">En las \u00faltimas d\u00e9cadas se ha registrado un aumento de casos depresivos. \u00bfA qu\u00e9 se debe?<\/span><\/strong><span style=\"font-size: 10.5pt; font-family: Lato; mso-fareast-font-family: 'Times New Roman'; mso-bidi-font-family: Helvetica; color: #383838; mso-fareast-language: ES;\" lang=\"ES\"><br \/>\nEs que ahora hay mejor diagn\u00f3sticos de los cuadros, as\u00ed como m\u00e1s profesionales de la salud mental para detectarlo. Hace 30 a\u00f1os, cuando alguien dec\u00eda que iba al psiquiatra, lo miraban como si estuviera \u201cloco\u201d. Por ejemplo, hasta hace alg\u00fan tiempo, cuando los pacientes me ped\u00edan cita, lo hac\u00edan luego de las 19:00 pm. Ahora no, usted puede ver un paciente a las 10:00 en consultorios, y ya no es peyorativo.<\/span><\/p>\n<p class=\"MsoNormal\" style=\"margin-bottom: 12.0pt; line-height: normal;\"><strong><span style=\"font-size: 10.5pt; mso-bidi-font-size: 11.0pt; font-family: Lato; mso-fareast-font-family: 'Times New Roman'; mso-bidi-font-family: Helvetica; color: #383838; mso-fareast-language: ES;\" lang=\"ES\">\u00bfEs necesaria la ayuda externa para superar la depresi\u00f3n?. Y si es as\u00ed. \u00bfHay recuperaci\u00f3n?<\/span><\/strong><span style=\"font-size: 10.5pt; font-family: Lato; mso-fareast-font-family: 'Times New Roman'; mso-bidi-font-family: Helvetica; color: #383838; mso-fareast-language: ES;\" lang=\"ES\"><br \/>\nEn una depresi\u00f3n leve, ocasionada por un factor identificable, por decir un duelo, la persona puede recuperarse. Pero cuando es elevada, el paciente necesitar\u00eda de un tratamiento m\u00e9dico y psicoterap\u00e9utico. Puede ser con medicamentos para ordenar en las alteraciones qu\u00edmicas. Y tambi\u00e9n la psicoterapia es muy \u00fatil. Ahora, hay un 50% de recuperaci\u00f3n seg\u00fan las estad\u00edsticas. Por ejemplo, de 100 personas con un cuadro depresivo, 50 solo lo presentar\u00e1n una sola vez en la vida. De esa mitad se podr\u00eda decir que se cur\u00f3. Un 25% la tendr\u00e1 dos veces, y el restante, la tendr\u00e1 tres o m\u00e1s.<\/span><\/p>\n<p class=\"MsoNormal\" style=\"margin-bottom: 12.0pt; line-height: normal;\"><strong><span style=\"font-size: 10.5pt; mso-bidi-font-size: 11.0pt; font-family: Lato; mso-fareast-font-family: 'Times New Roman'; mso-bidi-font-family: Helvetica; color: #383838; mso-fareast-language: ES;\" lang=\"ES\">\u00bfPodr\u00eda considerarse a la depresi\u00f3n dentro de un rango de discapacidad?<\/span><\/strong><span style=\"font-size: 10.5pt; font-family: Lato; mso-fareast-font-family: 'Times New Roman'; mso-bidi-font-family: Helvetica; color: #383838; mso-fareast-language: ES;\" lang=\"ES\"><br \/>\nSi se presentan casos de depresi\u00f3n cr\u00f3nica, quiz\u00e1s s\u00ed. Porque la persona ya no puede trabajar, tiene falta de atenci\u00f3n, memoria, concentraci\u00f3n, angustia, con el uso de medicamentos permanentes. Pero solo es en casos cr\u00f3nicos. Tendr\u00eda que ser una depresi\u00f3n recurrente, o sea si se repite varias veces. En estos casos, la tasa de mejor\u00edas con antidepresivos las sit\u00faan en el 85%. El 15% ser\u00eda de muy dif\u00edcil recuperaci\u00f3n. Las cifras son relativas porque son rangos.<\/span><\/p>\n<p class=\"MsoNormal\" style=\"margin-bottom: 12.0pt; line-height: normal;\"><strong><span style=\"font-size: 10.5pt; mso-bidi-font-size: 11.0pt; font-family: Lato; mso-fareast-font-family: 'Times New Roman'; mso-bidi-font-family: Helvetica; color: #383838; mso-fareast-language: ES;\" lang=\"ES\">\u00bfCu\u00e1l es el nivel de seguridad de los medicamentos?<\/span><\/strong><span style=\"font-size: 10.5pt; font-family: Lato; mso-fareast-font-family: 'Times New Roman'; mso-bidi-font-family: Helvetica; color: #383838; mso-fareast-language: ES;\" lang=\"ES\"><br \/>\nPrimero, hay que saber utilizarlos, con las recetas. Son seguros, pero la tolerancia es absolutamente individual. Por ejemplo, si a dos personas le doy la misma tableta, puede que a una persona le haga bien, pero al otro no la tolera. Es que todo medicamento tiene efectos secundarios, pero no son iguales en las personas. Puede ser que a algunos les haga perder el apetito, para unos estar\u00e1 perfecto, pero a otros, eso s\u00ed les importar\u00e1.<\/span><\/p>\n<p class=\"MsoNormal\" style=\"margin-bottom: 12.0pt; line-height: normal;\"><strong><span style=\"font-size: 10.5pt; mso-bidi-font-size: 11.0pt; font-family: Lato; mso-fareast-font-family: 'Times New Roman'; mso-bidi-font-family: Helvetica; color: #383838; mso-fareast-language: ES;\" lang=\"ES\">\u00bfFalta educaci\u00f3n de este tema en la sociedad?<\/span><\/strong><span style=\"font-size: 10.5pt; font-family: Lato; mso-fareast-font-family: 'Times New Roman'; mso-bidi-font-family: Helvetica; color: #383838; mso-fareast-language: ES;\" lang=\"ES\"><br \/>\nHa mejorado much\u00edsimo. La soluci\u00f3n no es solo con una \u201cpalmada en el hombro\u201d y diciendo al paciente &#8220;pon de tu parte&#8221;. Ahora, la gente sabe mucho m\u00e1s. \u00a0El Internet es un aliado, pero tambi\u00e9n un enemigo. El \u201cdoctor Google\u201d no es precisamente el mejor de los m\u00e9dicos. Nos da informaci\u00f3n, s\u00ed, pero no el conocimiento. La gente por lo que lee en la red, lo interpreta mal.<\/span><\/p>\n<p class=\"MsoNormal\" style=\"margin-bottom: 12.0pt; line-height: normal;\"><strong><span style=\"font-size: 10.5pt; mso-bidi-font-size: 11.0pt; font-family: Lato; mso-fareast-font-family: 'Times New Roman'; mso-bidi-font-family: Helvetica; color: #383838; mso-fareast-language: ES;\" lang=\"ES\">*El Dr Pac\u00edfico Gallegos es <\/span><\/strong><span style=\"font-size: 10.5pt; font-family: Lato; mso-fareast-font-family: 'Times New Roman'; mso-bidi-font-family: Helvetica; color: #383838; mso-fareast-language: ES;\" lang=\"ES\">m<\/span><strong><span style=\"font-size: 10.5pt; mso-bidi-font-size: 11.0pt; font-family: Lato; mso-fareast-font-family: 'Times New Roman'; mso-bidi-font-family: Helvetica; color: #383838; mso-fareast-language: ES;\" lang=\"ES\">\u00e9dico graduado en la Universidad Central del Ecuador y tiene<\/span><\/strong><span style=\"font-size: 10.5pt; font-family: Lato; mso-fareast-font-family: 'Times New Roman'; mso-bidi-font-family: Helvetica; color: #383838; mso-fareast-language: ES;\" lang=\"ES\"> t<\/span><strong><span style=\"font-size: 10.5pt; mso-bidi-font-size: 11.0pt; font-family: Lato; mso-fareast-font-family: 'Times New Roman'; mso-bidi-font-family: Helvetica; color: #383838; mso-fareast-language: ES;\" lang=\"ES\">\u00edtulo de especialista en la Universidad Complutense de Madrid.<\/span><\/strong><\/p>\n<pre><strong><span style=\"font-size: 10.5pt; mso-bidi-font-size: 10.0pt; font-family: Lato; mso-bidi-font-family: Helvetica; color: #383838;\" lang=\"ES\">Ver entrevista completa en: <\/span><\/strong><\/pre>\n<pre><strong><span style=\"font-size: 10.5pt; mso-bidi-font-size: 10.0pt; font-family: Lato; mso-bidi-font-family: Helvetica; color: #383838;\" lang=\"ES\">\u00a0<\/span><\/strong><\/pre>\n<pre><span lang=\"ES\">&lt;<a href=\"https:\/\/www.google.com\/url?rct=j&amp;sa=t&amp;url=http:\/\/www.eltelegrafo.com.ec\/noticias\/sociedad\/4\/el-doctor-google-no-es-el-mejor-de-los-medicos&amp;ct=ga&amp;cd=CAEYCSoTMjcwNDMwOTYwMDA5NzMwNjcxMDIaNWRhZWQ0ZWU0MGE0N2UyODpjb206ZXM6VVM&amp;usg=AFQjCNE8uaVxmXiDF53GsrnSLxqDRVQPpw\" target=\"_blank\" rel=\"noopener noreferrer\">https:\/\/www.google.com\/url?rct=j&amp;sa=t&amp;url=http:\/\/www.eltelegrafo.com.ec\/noticias\/sociedad\/4\/el-doctor-google-no-es-el-mejor-de-los-medicos&amp;ct=ga&amp;cd=CAEYCSoTMjcwNDMwOTYwMDA5NzMwNjcxMDIaNWRhZWQ0ZWU0MGE0N2UyODpjb206ZXM6VVM&amp;usg=AFQjCNE8uaVxmXiDF53GsrnSLxqDRVQPpw<\/a>&gt;<\/span><\/pre>\n<pre><span lang=\"ES\">\u00a0<\/span><\/pre>\n<pre><strong><span style=\"font-size: 10.5pt; mso-bidi-font-size: 10.0pt; font-family: Lato; mso-bidi-font-family: Helvetica; color: #383838;\" lang=\"ES\">\u00a0<\/span><\/strong><\/pre>\n<pre><strong><span style=\"font-size: 10.5pt; mso-bidi-font-size: 10.0pt; font-family: Lato; mso-bidi-font-family: Helvetica; color: #383838;\" lang=\"ES\">\u00a0<\/span><\/strong><\/pre>\n<pre><strong><span style=\"font-size: 10.5pt; mso-bidi-font-size: 10.0pt; font-family: Lato; mso-bidi-font-family: Helvetica; color: #383838;\" lang=\"ES\">\u00a0<\/span><\/strong><\/pre>\n<pre><strong><span style=\"font-size: 10.5pt; mso-bidi-font-size: 10.0pt; font-family: Lato; mso-bidi-font-family: Helvetica; color: #383838;\" lang=\"ES\">\u00a0<\/span><\/strong><\/pre>\n<p class=\"MsoNormal\" style=\"margin-bottom: 12.0pt; line-height: normal;\"><span style=\"font-size: 10.5pt; font-family: Lato; mso-fareast-font-family: 'Times New Roman'; mso-bidi-font-family: Helvetica; color: #383838; mso-fareast-language: ES;\" lang=\"ES\">\u00a0<\/span><\/p>\n","protected":false},"excerpt":{"rendered":"<p>\u00bfQu\u00e9 significa tener depresi\u00f3n? \u00bfPadecerla puede llevar a una conducta suicida?. \u00bfEs una enfermedad mental como cualquier otra y requiere de un tratamiento m\u00e9dico? Esas interrogantes son respondidas por el m\u00e9dico psiquiatra Pac\u00edfico Gallegos, al explicar los s\u00edntomas de la [&hellip;]<\/p>\n","protected":false},"author":1,"featured_media":2429,"comment_status":"closed","ping_status":"closed","sticky":false,"template":"","format":"standard","meta":[],"categories":[14],"tags":[],"_links":{"self":[{"href":"https:\/\/www.redgesam.cl\/web\/index.php\/wp-json\/wp\/v2\/posts\/2428"}],"collection":[{"href":"https:\/\/www.redgesam.cl\/web\/index.php\/wp-json\/wp\/v2\/posts"}],"about":[{"href":"https:\/\/www.redgesam.cl\/web\/index.php\/wp-json\/wp\/v2\/types\/post"}],"author":[{"embeddable":true,"href":"https:\/\/www.redgesam.cl\/web\/index.php\/wp-json\/wp\/v2\/users\/1"}],"replies":[{"embeddable":true,"href":"https:\/\/www.redgesam.cl\/web\/index.php\/wp-json\/wp\/v2\/comments?post=2428"}],"version-history":[{"count":0,"href":"https:\/\/www.redgesam.cl\/web\/index.php\/wp-json\/wp\/v2\/posts\/2428\/revisions"}],"wp:featuredmedia":[{"embeddable":true,"href":"https:\/\/www.redgesam.cl\/web\/index.php\/wp-json\/"}],"wp:attachment":[{"href":"https:\/\/www.redgesam.cl\/web\/index.php\/wp-json\/wp\/v2\/media?parent=2428"}],"wp:term":[{"taxonomy":"category","embeddable":true,"href":"https:\/\/www.redgesam.cl\/web\/index.php\/wp-json\/wp\/v2\/categories?post=2428"},{"taxonomy":"post_tag","embeddable":true,"href":"https:\/\/www.redgesam.cl\/web\/index.php\/wp-json\/wp\/v2\/tags?post=2428"}],"curies":[{"name":"wp","href":"https:\/\/api.w.org\/{rel}","templated":true}]}}