{"id":2437,"date":"2016-03-01T12:00:41","date_gmt":"2016-03-01T16:00:41","guid":{"rendered":"http:\/\/www.redgesam.cl\/wp\/?p=2437"},"modified":"2016-03-01T12:00:41","modified_gmt":"2016-03-01T16:00:41","slug":"nietos-rejuvenecen-edad-edad-mental-de-los-abuelos","status":"publish","type":"post","link":"https:\/\/www.redgesam.cl\/web\/index.php\/2016\/03\/01\/nietos-rejuvenecen-edad-edad-mental-de-los-abuelos\/","title":{"rendered":"Nietos rejuvenecen edad edad mental de los abuelos"},"content":{"rendered":"<p><a href=\"http:\/\/www.redgesam.cl\/wp\/wp-content\/uploads\/2016\/03\/FOTO-NIETO-ABUELO.jpg\"><img decoding=\"async\" class=\"lazyload alignleft size-medium wp-image-2438\" title=\"FOTO NIETO ABUELO\" src=\"data:image\/svg+xml,%3Csvg%20xmlns%3D%27http%3A%2F%2Fwww.w3.org%2F2000%2Fsvg%27%20width%3D%27300%27%20height%3D%27168%27%20viewBox%3D%270%200%20300%20168%27%3E%3Crect%20width%3D%27300%27%20height%3D%27168%27%20fill-opacity%3D%220%22%2F%3E%3C%2Fsvg%3E\" data-orig-src=\"http:\/\/www.redgesam.cl\/wp\/wp-content\/uploads\/2016\/03\/FOTO-NIETO-ABUELO-300x168.jpg\" alt=\"\" width=\"300\" height=\"168\" \/><\/a>Los nietos no hacen envejecer a los abuelos, sino que los rejuvenecen porque experimentan una sensaci\u00f3n juvenil adicional simplemente por tenerlos, seg\u00fan afirma un estudio coordinado por Bruno Arpino de la Universidad Pompeu Fabra (UPF) y codirector del Research and Expertise Centre for Survey Methodology del Departamento de Ciencias Pol\u00edticas y Sociales de la UPF.<\/p>\n<p>Los investigadores analizaron si hay una relaci\u00f3n entre la edad subjetiva de las personas y el hecho de ser abuelos y cuidar de los nietos y concluyen, seg\u00fan sus experiencias, que la edad subjetiva depende del rol social, adem\u00e1s de la edad cronol\u00f3gica, ya que han encontrado una clara asociaci\u00f3n entre sentirse joven y cuidar de los nietos en ancianos mayores de 70 a\u00f1os.<\/p>\n<p><strong>En las abuelas se intensifica el efecto<\/strong><\/p>\n<p>En el caso de las abuelas, este fen\u00f3meno es acumulativo ya que las mujeres experimentan una sensaci\u00f3n juvenil adicional simplemente por tenerlos.<\/p>\n<p>Los autores han utilizado datos provenientes del estudio sobre <a href=\"http:\/\/www.elobservador.com.uy\/salud-a345\">Salud<\/a> y Jubilaci\u00f3n a los <a href=\"http:\/\/www.elobservador.com.uy\/estados-unidos-a121\">Estados Unidos<\/a> (Health and Retirement Study), basado en una muestra de 1.701 hombres y 2.935 mujeres de entre los 50 y los 85 a\u00f1os.<\/p>\n<p>Aunque los abuelos m\u00e1s j\u00f3venes se sienten m\u00e1s viejos que las personas del mismo grupo de edad sin nietos, esta relaci\u00f3n se invierte a medida que avanza la edad de los abuelos. Del mismo modo, la edad de las abuelas aumenta, los autores han encontrado una relaci\u00f3n inversa entre la edad subjetiva y el hecho de tener nietos y el cuidado de los ni\u00f1os.<\/p>\n<p><strong>La edad mental depende de las experiencias personales<\/strong><\/p>\n<p>El estudio ha tenido en cuenta la edad subjetiva en relaci\u00f3n a tener nietos o cuidar de los nietos, el sexo y la edad cronol\u00f3gica. El trabajo extiende la investigaci\u00f3n realizada previamente y estudia las diferencias de edad y sexo en cuanto a los factores asociados a la edad subjetiva.<\/p>\n<p>Los resultados indican que la condici\u00f3n de abuelo o abuela es fundamental en la experiencia subjetiva que se tiene sobre el envejecimiento porque las personas construyen su edad mental en funci\u00f3n de sus propias vivencias.<\/p>\n<p>Los autores sugieren como conclusi\u00f3n que &#8220;las personas construyen su edad subjetiva basada en las circunstancias particulares de sus vidas&#8221;, por lo que el estudio pone de relieve la importancia de considerar la subjetividad del envejecimiento que se refiere tanto al rol que la persona ejerce en la sociedad, como su edad cronol\u00f3gica.<\/p>\n","protected":false},"excerpt":{"rendered":"<p>Los nietos no hacen envejecer a los abuelos, sino que los rejuvenecen porque experimentan una sensaci\u00f3n juvenil adicional simplemente por tenerlos, seg\u00fan afirma un estudio coordinado por Bruno Arpino de la Universidad Pompeu Fabra (UPF) y codirector del Research and [&hellip;]<\/p>\n","protected":false},"author":1,"featured_media":2438,"comment_status":"closed","ping_status":"closed","sticky":false,"template":"","format":"standard","meta":[],"categories":[14],"tags":[],"_links":{"self":[{"href":"https:\/\/www.redgesam.cl\/web\/index.php\/wp-json\/wp\/v2\/posts\/2437"}],"collection":[{"href":"https:\/\/www.redgesam.cl\/web\/index.php\/wp-json\/wp\/v2\/posts"}],"about":[{"href":"https:\/\/www.redgesam.cl\/web\/index.php\/wp-json\/wp\/v2\/types\/post"}],"author":[{"embeddable":true,"href":"https:\/\/www.redgesam.cl\/web\/index.php\/wp-json\/wp\/v2\/users\/1"}],"replies":[{"embeddable":true,"href":"https:\/\/www.redgesam.cl\/web\/index.php\/wp-json\/wp\/v2\/comments?post=2437"}],"version-history":[{"count":0,"href":"https:\/\/www.redgesam.cl\/web\/index.php\/wp-json\/wp\/v2\/posts\/2437\/revisions"}],"wp:featuredmedia":[{"embeddable":true,"href":"https:\/\/www.redgesam.cl\/web\/index.php\/wp-json\/"}],"wp:attachment":[{"href":"https:\/\/www.redgesam.cl\/web\/index.php\/wp-json\/wp\/v2\/media?parent=2437"}],"wp:term":[{"taxonomy":"category","embeddable":true,"href":"https:\/\/www.redgesam.cl\/web\/index.php\/wp-json\/wp\/v2\/categories?post=2437"},{"taxonomy":"post_tag","embeddable":true,"href":"https:\/\/www.redgesam.cl\/web\/index.php\/wp-json\/wp\/v2\/tags?post=2437"}],"curies":[{"name":"wp","href":"https:\/\/api.w.org\/{rel}","templated":true}]}}