{"id":2441,"date":"2016-03-07T11:45:20","date_gmt":"2016-03-07T15:45:20","guid":{"rendered":"http:\/\/www.redgesam.cl\/wp\/?p=2441"},"modified":"2016-03-07T11:45:20","modified_gmt":"2016-03-07T15:45:20","slug":"dia-internacional-de-la-mujer","status":"publish","type":"post","link":"https:\/\/www.redgesam.cl\/web\/index.php\/2016\/03\/07\/dia-internacional-de-la-mujer\/","title":{"rendered":"D\u00eda Internacional de la Mujer"},"content":{"rendered":"<p><strong>MUCHAS FELICIDADES A TODAS LAS CHILENAS<\/strong><\/p>\n<p><strong>En esta fecha tan especial, en la que se conmemora el D\u00eda Internacional de la Mujer, Redgesam, la red privada de atenci\u00f3n de Salud Mental m\u00e1s importante del pa\u00eds, quiere hacer llegar su m\u00e1s afectuoso saludo a todas nuestras usuarias, a nuestras colaboradoras y a todas las chilenas en general.<\/strong><\/p>\n<p><strong>Nuestra instituci\u00f3n se caracteriza por una mayoritaria presencia femenina, porque se necesita de sus sensibilidades, inteligencia y eficiencia para buscar soluciones a las dolencias de los pacientes. Para ustedes, nuestro homenaje y reconocimiento m\u00e1s sincero\u00a0 por el invaluable aporte que entregan a la Salud Mental del pa\u00eds.<\/strong><\/p>\n<p><strong>A nuestras pacientes y usuarias, les deseamos un lindo d\u00eda. Que disfruten de buenos momentos junto a sus familias y que sus sacrificios se vean compensados con cari\u00f1o y amor. Para ustedes, Redgesam tiene contempladas diversas actividades durante esta semana, a las cuales las invitamos cordialmente a participar.<\/strong><\/p>\n<p><strong>OR\u00cdGENES DE LA CONMEMORACI\u00d3N<\/strong><\/p>\n<p><strong>Cabe recordar que el coraje de un grupo de trabajadoras, que rindieron su vida\u00a0 por los derechos de la mujer, la igualdad de oportunidades y la igualdad de g\u00e9nero, inspiraron esta conmemoraci\u00f3n que ahora se extiende por todo el mundo. Fue el 25 de marzo de 1911, cuando m\u00e1s de 140\u00a0j\u00f3venes trabajadoras, la mayor\u00eda inmigrantes, murieron en el tr\u00e1gico incendio en una f\u00e1brica durante una protesta por sus derechos laborales en EE.UU. Este suceso tuvo grandes repercusiones en ese pa\u00eds y posteriormente en todo el mundo, inici\u00e1ndose as\u00ed una nueva era de profundos cambios en la sociedad. <\/strong><\/p>\n<p><strong>En 1975 la ONU declar\u00f3 el 8 de marzo como D\u00eda Internacional de la Mujer<sup>[]<\/sup> y en 1977 proclam\u00f3 el 8 de marzo como D\u00eda Internacional por los Derechos de la Mujer y la Paz Internacional.<\/strong><\/p>\n<p><strong>Much\u00edsimas felicidades para todas las mujeres del mundo, les desea<\/strong><\/p>\n<p><strong>La Gerencia de Redgesam<\/strong><\/p>\n<p><a href=\"http:\/\/www.redgesam.cl\/wp\/wp-content\/uploads\/2016\/03\/feliz-dia-de-la-mujer-2016.png\"><img decoding=\"async\" class=\"lazyload alignleft size-full wp-image-2442\" title=\"feliz-dia-de-la-mujer-2016\" src=\"data:image\/svg+xml,%3Csvg%20xmlns%3D%27http%3A%2F%2Fwww.w3.org%2F2000%2Fsvg%27%20width%3D%27850%27%20height%3D%27567%27%20viewBox%3D%270%200%20850%20567%27%3E%3Crect%20width%3D%27850%27%20height%3D%27567%27%20fill-opacity%3D%220%22%2F%3E%3C%2Fsvg%3E\" data-orig-src=\"http:\/\/www.redgesam.cl\/wp\/wp-content\/uploads\/2016\/03\/feliz-dia-de-la-mujer-2016.png\" alt=\"\" width=\"850\" height=\"567\" \/><\/a><\/p>\n","protected":false},"excerpt":{"rendered":"<p>MUCHAS FELICIDADES A TODAS LAS CHILENAS En esta fecha tan especial, en la que se conmemora el D\u00eda Internacional de la Mujer, Redgesam, la red privada de atenci\u00f3n de Salud Mental m\u00e1s importante del pa\u00eds, quiere hacer llegar su m\u00e1s [&hellip;]<\/p>\n","protected":false},"author":1,"featured_media":2442,"comment_status":"closed","ping_status":"closed","sticky":false,"template":"","format":"standard","meta":[],"categories":[17],"tags":[],"_links":{"self":[{"href":"https:\/\/www.redgesam.cl\/web\/index.php\/wp-json\/wp\/v2\/posts\/2441"}],"collection":[{"href":"https:\/\/www.redgesam.cl\/web\/index.php\/wp-json\/wp\/v2\/posts"}],"about":[{"href":"https:\/\/www.redgesam.cl\/web\/index.php\/wp-json\/wp\/v2\/types\/post"}],"author":[{"embeddable":true,"href":"https:\/\/www.redgesam.cl\/web\/index.php\/wp-json\/wp\/v2\/users\/1"}],"replies":[{"embeddable":true,"href":"https:\/\/www.redgesam.cl\/web\/index.php\/wp-json\/wp\/v2\/comments?post=2441"}],"version-history":[{"count":0,"href":"https:\/\/www.redgesam.cl\/web\/index.php\/wp-json\/wp\/v2\/posts\/2441\/revisions"}],"wp:featuredmedia":[{"embeddable":true,"href":"https:\/\/www.redgesam.cl\/web\/index.php\/wp-json\/"}],"wp:attachment":[{"href":"https:\/\/www.redgesam.cl\/web\/index.php\/wp-json\/wp\/v2\/media?parent=2441"}],"wp:term":[{"taxonomy":"category","embeddable":true,"href":"https:\/\/www.redgesam.cl\/web\/index.php\/wp-json\/wp\/v2\/categories?post=2441"},{"taxonomy":"post_tag","embeddable":true,"href":"https:\/\/www.redgesam.cl\/web\/index.php\/wp-json\/wp\/v2\/tags?post=2441"}],"curies":[{"name":"wp","href":"https:\/\/api.w.org\/{rel}","templated":true}]}}