{"id":2450,"date":"2016-03-21T10:43:55","date_gmt":"2016-03-21T14:43:55","guid":{"rendered":"http:\/\/www.redgesam.cl\/wp\/?p=2450"},"modified":"2016-03-21T10:43:55","modified_gmt":"2016-03-21T14:43:55","slug":"busqueda-de-la-felicidad","status":"publish","type":"post","link":"https:\/\/www.redgesam.cl\/web\/index.php\/2016\/03\/21\/busqueda-de-la-felicidad\/","title":{"rendered":"B\u00fasqueda de la felicidad"},"content":{"rendered":"<p><a href=\"http:\/\/www.redgesam.cl\/wp\/wp-content\/uploads\/2016\/03\/FOTO-DIA-FELICIDAD-WEB.jpg\"><img decoding=\"async\" class=\"lazyload alignleft size-medium wp-image-2451\" title=\"FOTO DIA FELICIDAD WEB\" src=\"data:image\/svg+xml,%3Csvg%20xmlns%3D%27http%3A%2F%2Fwww.w3.org%2F2000%2Fsvg%27%20width%3D%27300%27%20height%3D%27161%27%20viewBox%3D%270%200%20300%20161%27%3E%3Crect%20width%3D%27300%27%20height%3D%27161%27%20fill-opacity%3D%220%22%2F%3E%3C%2Fsvg%3E\" data-orig-src=\"http:\/\/www.redgesam.cl\/wp\/wp-content\/uploads\/2016\/03\/FOTO-DIA-FELICIDAD-WEB-300x161.jpg\" alt=\"\" width=\"300\" height=\"161\" \/><\/a>El pasado domingo 20 de marzo se celebr\u00f3 el D\u00eda Internacional de la Felicidad. Esta festividad fue creada para recordar que la b\u00fasqueda de la felicidad es un objetivo fundamental para los humanos.<\/p>\n<p>El a\u00f1o 2012 la Organizaci\u00f3n de las Naciones Unidas (ONU) decret\u00f3 el 20 de marzo como el D\u00eda Internacional de la Felicidad y desde esa fecha en todo el mundo se realizan\u00a0 actividades que promueven la b\u00fasqueda de este objetivo.<\/p>\n<p>Es sabido que cuando una persona tiene emociones positivas genera su m\u00e1ximo potencial; que los que transitan por la vida con felicidad son m\u00e1s sanos, tienen mejores relaciones interpersonales y les va mejor en el trabajo.<br \/>\nPor eso Redgesam, la red privada experta en Soluciones Integrales de Salud Mental, invita a todos sus estimados colaboradores y usuarios a unirse a esta b\u00fasqueda de la felicidad, con gran alegr\u00eda y entusiasmo durante todo el a\u00f1o.<\/p>\n","protected":false},"excerpt":{"rendered":"<p>El pasado domingo 20 de marzo se celebr\u00f3 el D\u00eda Internacional de la Felicidad. Esta festividad fue creada para recordar que la b\u00fasqueda de la felicidad es un objetivo fundamental para los humanos. El a\u00f1o 2012 la Organizaci\u00f3n de las [&hellip;]<\/p>\n","protected":false},"author":1,"featured_media":2451,"comment_status":"closed","ping_status":"closed","sticky":false,"template":"","format":"standard","meta":[],"categories":[17],"tags":[],"_links":{"self":[{"href":"https:\/\/www.redgesam.cl\/web\/index.php\/wp-json\/wp\/v2\/posts\/2450"}],"collection":[{"href":"https:\/\/www.redgesam.cl\/web\/index.php\/wp-json\/wp\/v2\/posts"}],"about":[{"href":"https:\/\/www.redgesam.cl\/web\/index.php\/wp-json\/wp\/v2\/types\/post"}],"author":[{"embeddable":true,"href":"https:\/\/www.redgesam.cl\/web\/index.php\/wp-json\/wp\/v2\/users\/1"}],"replies":[{"embeddable":true,"href":"https:\/\/www.redgesam.cl\/web\/index.php\/wp-json\/wp\/v2\/comments?post=2450"}],"version-history":[{"count":0,"href":"https:\/\/www.redgesam.cl\/web\/index.php\/wp-json\/wp\/v2\/posts\/2450\/revisions"}],"wp:featuredmedia":[{"embeddable":true,"href":"https:\/\/www.redgesam.cl\/web\/index.php\/wp-json\/"}],"wp:attachment":[{"href":"https:\/\/www.redgesam.cl\/web\/index.php\/wp-json\/wp\/v2\/media?parent=2450"}],"wp:term":[{"taxonomy":"category","embeddable":true,"href":"https:\/\/www.redgesam.cl\/web\/index.php\/wp-json\/wp\/v2\/categories?post=2450"},{"taxonomy":"post_tag","embeddable":true,"href":"https:\/\/www.redgesam.cl\/web\/index.php\/wp-json\/wp\/v2\/tags?post=2450"}],"curies":[{"name":"wp","href":"https:\/\/api.w.org\/{rel}","templated":true}]}}