{"id":2485,"date":"2016-04-22T10:46:52","date_gmt":"2016-04-22T14:46:52","guid":{"rendered":"http:\/\/www.redgesam.cl\/wp\/?p=2485"},"modified":"2016-04-22T10:46:52","modified_gmt":"2016-04-22T14:46:52","slug":"marihuana-y-enfermedades-mentales","status":"publish","type":"post","link":"https:\/\/www.redgesam.cl\/web\/index.php\/2016\/04\/22\/marihuana-y-enfermedades-mentales\/","title":{"rendered":"Marihuana y enfermedades mentales"},"content":{"rendered":"<p><a href=\"http:\/\/www.redgesam.cl\/wp\/wp-content\/uploads\/2016\/04\/FOTO-DOCTOR-F\u00c9LIX-GONZ\u00c1LEZ-MARIHUANA.jpg\"><img decoding=\"async\" class=\"lazyload alignleft size-medium wp-image-2486\" title=\"FOTO DOCTOR F\u00c9LIX GONZ\u00c1LEZ MARIHUANA\" src=\"data:image\/svg+xml,%3Csvg%20xmlns%3D%27http%3A%2F%2Fwww.w3.org%2F2000%2Fsvg%27%20width%3D%27300%27%20height%3D%27135%27%20viewBox%3D%270%200%20300%20135%27%3E%3Crect%20width%3D%27300%27%20height%3D%27135%27%20fill-opacity%3D%220%22%2F%3E%3C%2Fsvg%3E\" data-orig-src=\"http:\/\/www.redgesam.cl\/wp\/wp-content\/uploads\/2016\/04\/FOTO-DOCTOR-F\u00c9LIX-GONZ\u00c1LEZ-MARIHUANA-300x135.jpg\" alt=\"\" width=\"300\" height=\"135\" \/><\/a>Seg\u00fan el psiquiatra F\u00e9lix Gonz\u00e1lez (en la foto), presidente de la Asociaci\u00f3n Canaria de Neurosiquiatr\u00eda y Salud Mental \u00a0hay que modificar la actitud frente al problema de las drogas; hay que erradicar el estigma de \u2018vicio\u2019.<\/p>\n<p>A continuaci\u00f3n reproducimos la entrevista publicada en el diario <strong>La Palma Ahora, en la que el profesional profundiza <\/strong>sobre la estrecha relaci\u00f3n de las adiciones y las enfermedades mentales.<strong>\u00a0<\/strong><strong>\u00a0<\/strong><\/p>\n<p><strong>-\u00bfCu\u00e1les son las enfermedades mentales m\u00e1s relacionadas con las adicciones?<\/strong><\/p>\n<p>-Los problemas de ansiedad, del estado de \u00e1nimo, \u00a0trastornos del espectro de la esquizofrenia y la psicosis, Trastorno por D\u00e9ficit Atenci\u00f3n e Hiperactividad (el llamado TDAH), y tambi\u00e9n los rasgos y trastornos de personalidad, que dicho de otra manera son personas con \u00a0caracteres que podr\u00edamos definir como\u00a0 \u00a0\u2018dif\u00edciles\u2019.<\/p>\n<p>Hay que advertir de los efectos perjudiciales sobre la salud mental y f\u00edsica del cannabis o marihuana. Se est\u00e1 investigando bastante sobre esta sustancia. En la comunidad cient\u00edfica hay una creciente preocupaci\u00f3n por los hallazgos sobre su potencial como generador de enfermedades mentales.<strong>\u00a0<\/strong><strong>\u00a0<\/strong><\/p>\n<p><strong>\u00bfA qu\u00e9 enfermedades mentales y f\u00edsicas se refiere?<\/strong><strong>\u00a0<\/strong><strong>\u00a0<\/strong><\/p>\n<p>-Problemas con la memoria, depresi\u00f3n, esquizofrenia, dificultades con la coordinaci\u00f3n de los movimientos. Por ejemplo, se sabe que nuestro cerebro cuenta con un sistema que se llama encocanabinoide. Su funci\u00f3n es similar a la que realizan los derivados de la marihuana. \u00a0Las que se producen en nuestro cerebro son una prote\u00edna que, entre otras cosas, sirven para borrar los recuerdos negativos. A ello se deben sus efectos sobre la memoria. Con el paso del tiempo no recordamos los hechos tal y como ocurrieron. \u00a0De nuestra conciencia se van desvaneciendo los acontecimientos negativos. Por eso cuando contamos una historia sobre algo que nos ocurri\u00f3 lo hacemos evocando lo mejor, lo m\u00e1s gracioso. Lo traum\u00e1tico pierde intensidad. Esta autorregulaci\u00f3n es necesaria para mantener un estado emocional adecuado. Si no probablemente ser\u00eda insufrible la vida. Es como aquello que se dice sobre que si una mujer recordara el grado del dolor del parto con la intensidad que lo vivi\u00f3, nunca m\u00e1s se quedar\u00eda embarazada. De este borrado se encargan los cananbinoides de los que hablamos. Y estos cananbinoides est\u00e1n presentes en la marihuana. Si nosotros usamos cannabis ex\u00f3genos, es decir la marihuana o sus derivados, estamos forzando \u00a0artificialmente el mecanismo de olvidar, agrediendo nuestra memoria. Este da\u00f1o neuronal \u00a0se agrava m\u00e1s cuanto mayor es la concentraci\u00f3n del t\u00f3xico, \u00a0como por ejemplo lo que ocurre \u00a0con el llamado \u2018chocolate\u2019. Y peor a\u00fan con el aceite de hach\u00eds que puede llegar a un 90% del principio activo. Y por si fuera poco hay derivados sint\u00e9ticos de cuya concentraci\u00f3n exacta poco se conoce. Y estos, \u00a0se consiguen en la calle sin garant\u00eda alguna de su pureza, procedencia ni de su composici\u00f3n. Probablemente las personas que compran y consumen estos productos nunca les dar\u00eda a sus mascotas algo con este potencial de riego para la salud. El cannabis interacciona adem\u00e1s seriamente con el alcohol. Pero no es que solo \u00a0duplique los efectos de este, sino que los multiplica, sobre todo entorpeciendo los movimientos. Un efecto que puede ser especialmente peligroso si se conduce. Adem\u00e1s, todo lo que afecta al cerebro afecta en mayor o menor medida a nuestra mente. Y aqu\u00ed tambi\u00e9n tenemos un problema. Se conoce la relaci\u00f3n del cannabis con la esquizofrenia. Hasta ahora se advert\u00eda de que su uso pod\u00eda desencadenar episodios de psicosis, es decir, p\u00e9rdida de control, delirios, agitaci\u00f3n&#8230; Pues bien, Lancet (una prestigiosa publicaci\u00f3n m\u00e9dica) ha informado de la evidente relaci\u00f3n entre el consumo de cannabis y la \u00a0aparici\u00f3n \u00a0de esquizofrenia en las personas que lo consumen. Hay datos concretos, cuyo detalle quiz\u00e1 exceden el marco de esta entrevista, en cuanto a la relaci\u00f3n entre frecuencia del consumo y la aparici\u00f3n de un trastorno mental grave, que una vez desencadenado puede ser de por vida.<\/p>\n<p><strong>-\u00bfPodr\u00eda aportar alg\u00fan dato?<\/strong><strong>\u00a0<\/strong><strong>\u00a0<\/strong><\/p>\n<p>-S\u00ed. Por ejemplo, un \u00fanico uso de cannabis aumenta hasta un 40% las probabilidades de padecer una psicosis. Se sabe, adem\u00e1s, que el consumo de cannabis est\u00e1 relacionado con que la esquizofrenia debuta a edades m\u00e1s tempranas. Cuanto m\u00e1s joven se inicia la enfermedad peor es su pron\u00f3stico. Si, adem\u00e1s, el cannabis se consume junto a los psicof\u00e1rmacos que se toman como tratamiento, los efectos secundarios de estos se incrementan y la respuesta es peor.<\/p>\n<p><strong>Entonces, se confirma que los \u2018porros\u2019 afectan al cerebro. \u00bfY a los pulmones?<\/strong><strong>\u00a0<\/strong><strong>\u00a0<\/strong><\/p>\n<p>-S\u00ed, claro. La v\u00eda de absorci\u00f3n es la respiratoria. Normalmente, para la absorci\u00f3n se requiere una inspiraci\u00f3n profunda. Y los \u2018porros\u2019, adem\u00e1s, contienen mezcla de tabaco. Para agravar el asunto, el cannabis tiene un efecto broncodilatador. Aire caliente, hach\u00eds m\u00e1s tabaco con todos sus m\u00e1s de cuatro mil componentes qu\u00edmicos. Ingredientes que se encuentran al final un bronquio dilatado como puerta de entrada a la sangre y por \u00a0tanto nos expone a m\u00e1s \u00a0toxicidad. Una combinaci\u00f3n muy agresiva.<\/p>\n<p><strong>\u00bfY por qu\u00e9 el \u2018porro\u2019 se considera poco menos que inofensivo?<\/strong><strong>\u00a0<\/strong><strong>\u00a0<\/strong><\/p>\n<p>-Hasta hace poco se ha mantenido esta teor\u00eda de atribuirle efectos, incluso, beneficiosos. \u00a0Creo que hasta los m\u00e9dicos hemos contribuido a consolidar el cannabis como \u2018droga menor\u2019. Pero los resultados de la investigaci\u00f3n han venido echando por tierra las teor\u00edas de la inocuidad de esta droga. Es m\u00e1s, actualmente se admite que el uso cr\u00f3nico de cannabis produce inflamaci\u00f3n cerebral, lo que supone una agresi\u00f3n para las neuronas. Y como consecuencia, a largo plazo, problemas en la psicomotricidad.<\/p>\n<p><strong>-Se ha hablado incluso de su uso medicinal.<\/strong><strong>\u00a0<\/strong><strong>\u00a0<\/strong><\/p>\n<p>-S\u00ed. Se est\u00e1 tratando de establecer su utilidad en algunas situaciones como son la enfermedad de Parkinson, la Corea, el dolor y las n\u00e1useas para los pacientes que se tiene que tratar con f\u00e1rmacos que las producen. Y tambi\u00e9n en una enfermedad cong\u00e9nita que se llama S\u00edndrome X fr\u00e1gil. Pero esto siempre evaluando la relaci\u00f3n beneficio-riesgo. Es decir, los potenciales efectos beneficiosos frente a los efectos secundarios tendr\u00edan que justificar su uso.<\/p>\n<p><strong>-\u00bfTan preocupada est\u00e1 la ciencia por este asunto?<\/strong><strong>\u00a0<\/strong><strong>\u00a0<\/strong><\/p>\n<p>-S\u00ed, porque se ha adelantado mucho en la investigaci\u00f3n al respecto de los efectos de las drogas. Y los resultados son alarmantes. Los profesionales que tenemos a nuestro alcance toda esta informaci\u00f3n, tenemos la obligaci\u00f3n \u00e9tica de darla a conocer. La gente debe estar informada de los avances, que se deben transmitir de una forma comprensible. Siempre tratando de evitar el sermoneo y los juicios morales. No somos agentes de la salud para asustar, amedrentar, prohibir&#8230; Pero si debemos comunicar las evidencias de los riesgos. Despu\u00e9s cada uno decide. Si lo hace informado, mejor. Y si la decisi\u00f3n es responsable, mejor a\u00fan. \u00a0Quiz\u00e1s uno de los aspectos m\u00e1s preocupantes es el perjuicio sobre la poblaci\u00f3n m\u00e1s vulnerable, la m\u00e1s sensible: los ni\u00f1os y adolescentes. El impacto de la informaci\u00f3n en esta franja de edad es decisivo. Para bien y para mal. En las dos primeras d\u00e9cadas de la vida se decide la debilidad o la fortaleza futura de nuestro aparato ps\u00edquico.<\/p>\n<p><strong>-\u00bfQu\u00e9 se puede hacer de manera preventiva?<\/strong><strong>\u00a0<\/strong><strong>\u00a0<\/strong><\/p>\n<p>-Como dec\u00eda antes, sirve de poco pelear a la gente. Reprenderla. Amenazarla. Si esto fuera \u00fatil el problema no sobrepasar\u00eda el \u00e1mbito familiar. Cuando los pacientes llegan a nosotros ya la familia ha agotado esta v\u00eda. Y no solo eso, sino que ya est\u00e1n emocionalmente extenuados y con un considerable nivel de frustraci\u00f3n ante la inutilidad de repetirles: \u201cNo fumes, eso te hace da\u00f1o, deja esas compa\u00f1\u00edas, pon m\u00e1s de tu parte, haz vida sana, deporte&#8230;\u201d Nada. Es como decirle a alguien que deje de toser empleando su voluntad. La dependencia a las drogas no es un problema de voluntad, es un problema de salud y como tal precisa ayuda para resolverlo.<\/p>\n<p><strong>-\u00bfQu\u00e9 reflexi\u00f3n final hace?<\/strong><\/p>\n<p>-Tenemos que cambiar nuestra actitud frente al problema de las drogas. Se estima que en el mundo hay unos 27 millones de drogodependientes. Este drama supone que cada a\u00f1o mueren 200.000 personas a causa de los estupefacientes. Las pol\u00edticas represivas y criminalizadoras sobre el que consume, no han dado resultado. Se necesita enfocar el problema desde el punto de vista de seres humanos que sufren y que no siempre pueden controlar solos esta fatalidad autodestructiva. Hace falta erradicar el estigma de \u2018vicio\u2019 y cambiar a pol\u00edticas que posibiliten un abordaje como problema de salud.<\/p>\n<p><a href=\"http:\/\/www.eldiario.es\/lapalmaahora\/sociedad\/psiquiatra-Felix_Gonzalez-adiccion-drogas-jornadas_0_507100246.html\">http:\/\/www.eldiario.es\/lapalmaahora\/sociedad\/psiquiatra-Felix_Gonzalez-adiccion-drogas-jornadas_0_507100246.html<\/a><\/p>\n","protected":false},"excerpt":{"rendered":"<p>Seg\u00fan el psiquiatra F\u00e9lix Gonz\u00e1lez (en la foto), presidente de la Asociaci\u00f3n Canaria de Neurosiquiatr\u00eda y Salud Mental \u00a0hay que modificar la actitud frente al problema de las drogas; hay que erradicar el estigma de \u2018vicio\u2019. A continuaci\u00f3n reproducimos la [&hellip;]<\/p>\n","protected":false},"author":1,"featured_media":2486,"comment_status":"closed","ping_status":"closed","sticky":false,"template":"","format":"standard","meta":[],"categories":[14],"tags":[],"_links":{"self":[{"href":"https:\/\/www.redgesam.cl\/web\/index.php\/wp-json\/wp\/v2\/posts\/2485"}],"collection":[{"href":"https:\/\/www.redgesam.cl\/web\/index.php\/wp-json\/wp\/v2\/posts"}],"about":[{"href":"https:\/\/www.redgesam.cl\/web\/index.php\/wp-json\/wp\/v2\/types\/post"}],"author":[{"embeddable":true,"href":"https:\/\/www.redgesam.cl\/web\/index.php\/wp-json\/wp\/v2\/users\/1"}],"replies":[{"embeddable":true,"href":"https:\/\/www.redgesam.cl\/web\/index.php\/wp-json\/wp\/v2\/comments?post=2485"}],"version-history":[{"count":0,"href":"https:\/\/www.redgesam.cl\/web\/index.php\/wp-json\/wp\/v2\/posts\/2485\/revisions"}],"wp:featuredmedia":[{"embeddable":true,"href":"https:\/\/www.redgesam.cl\/web\/index.php\/wp-json\/"}],"wp:attachment":[{"href":"https:\/\/www.redgesam.cl\/web\/index.php\/wp-json\/wp\/v2\/media?parent=2485"}],"wp:term":[{"taxonomy":"category","embeddable":true,"href":"https:\/\/www.redgesam.cl\/web\/index.php\/wp-json\/wp\/v2\/categories?post=2485"},{"taxonomy":"post_tag","embeddable":true,"href":"https:\/\/www.redgesam.cl\/web\/index.php\/wp-json\/wp\/v2\/tags?post=2485"}],"curies":[{"name":"wp","href":"https:\/\/api.w.org\/{rel}","templated":true}]}}