{"id":2489,"date":"2016-04-29T07:43:01","date_gmt":"2016-04-29T11:43:01","guid":{"rendered":"http:\/\/www.redgesam.cl\/wp\/?p=2489"},"modified":"2016-04-29T07:43:01","modified_gmt":"2016-04-29T11:43:01","slug":"feliz-dia-del-trabajo","status":"publish","type":"post","link":"https:\/\/www.redgesam.cl\/web\/index.php\/2016\/04\/29\/feliz-dia-del-trabajo\/","title":{"rendered":"Feliz D\u00eda del Trabajador"},"content":{"rendered":"<p><a href=\"http:\/\/www.redgesam.cl\/wp\/wp-content\/uploads\/2016\/04\/feliz-dia-del-trabajo-1.png\"><img decoding=\"async\" class=\"lazyload alignleft size-medium wp-image-2490\" title=\"feliz-dia-del-trabajo-1\" src=\"data:image\/svg+xml,%3Csvg%20xmlns%3D%27http%3A%2F%2Fwww.w3.org%2F2000%2Fsvg%27%20width%3D%27300%27%20height%3D%27300%27%20viewBox%3D%270%200%20300%20300%27%3E%3Crect%20width%3D%27300%27%20height%3D%27300%27%20fill-opacity%3D%220%22%2F%3E%3C%2Fsvg%3E\" data-orig-src=\"http:\/\/www.redgesam.cl\/wp\/wp-content\/uploads\/2016\/04\/feliz-dia-del-trabajo-1-300x300.png\" alt=\"\" width=\"300\" height=\"300\" \/><\/a>El pr\u00f3ximo domingo, 1\u00ba de mayo, en casi todo el mundo se celebra el D\u00eda de los Trabajadores y, en Chile, como en la mayor\u00eda de los pa\u00edses, hacemos un alto en las labores cotidianas para rendir un especial homenaje a los hombres y mujeres que d\u00eda a d\u00eda deben esforzarse para llevar el sustento a sus hogares.<\/p>\n<p>El\u00a0D\u00eda Internacional de los Trabajadores\u00a0es la fiesta principal\u00a0del\u00a0<a title=\"Movimiento obrero\" href=\"https:\/\/es.wikipedia.org\/wiki\/Movimiento_obrero\">movimiento obrero<\/a>\u00a0mundial y desde su establecimiento en\u00a0<a title=\"1889\" href=\"https:\/\/es.wikipedia.org\/wiki\/1889\">1889<\/a>, es considerada una jornada de homenaje a los\u00a0\u2018<a title=\"Revuelta de Haymarket\" href=\"https:\/\/es.wikipedia.org\/wiki\/Revuelta_de_Haymarket#Las_condenas\">M\u00e1rtires de Chicag<em>o<\/em><\/a><em>\u2019<\/em>. Estos sindicalistas\u00a0fueron ejecutados en\u00a0<a title=\"Estados Unidos\" href=\"https:\/\/es.wikipedia.org\/wiki\/Estados_Unidos\">Estados Unidos<\/a> por su participaci\u00f3n en las protestas por la consecuci\u00f3n de la jornada laboral de ocho horas.<\/p>\n<p>Paradojalmente, en\u00a0<a title=\"Estados Unidos\" href=\"https:\/\/es.wikipedia.org\/wiki\/Estados_Unidos\">Estados Unidos<\/a> \u00a0no se celebra esta conmemoraci\u00f3n. En su lugar se celebra el\u00a0<a title=\"Labor Day\" href=\"https:\/\/es.wikipedia.org\/wiki\/Labor_Day\"><em>Labor Day<\/em><\/a>\u00a0el primer lunes de septiembre .<\/p>\n<p>Redgesam, en esta fecha tan especial, quiere rendir un justo reconocimiento a todos nuestros colaboradores\u00a0 por la abnegada labor que d\u00eda a d\u00eda desempe\u00f1an en sus respectivas funciones, aportando esfuerzo, talento y sacrificio en pos de nuestra fuente de trabajo y de un mundo mejor.<\/p>\n<p>Reciban tambi\u00e9n un afectuoso saludo todos los trabajadores del pa\u00eds, dese\u00e1ndoles un merecido descanso junto a sus familias y seres queridos.<\/p>\n<p>\u00a1\u00a1\u00a1FELIZ D\u00cdA DE LOS TRABAJADORES!!!<\/p>\n<p>Les desea Redgesam, la Red de Salud Mental m\u00e1s importante del pa\u00eds.<\/p>\n","protected":false},"excerpt":{"rendered":"<p>El pr\u00f3ximo domingo, 1\u00ba de mayo, en casi todo el mundo se celebra el D\u00eda de los Trabajadores y, en Chile, como en la mayor\u00eda de los pa\u00edses, hacemos un alto en las labores cotidianas para rendir un especial homenaje [&hellip;]<\/p>\n","protected":false},"author":1,"featured_media":2498,"comment_status":"closed","ping_status":"closed","sticky":false,"template":"","format":"standard","meta":[],"categories":[17],"tags":[],"_links":{"self":[{"href":"https:\/\/www.redgesam.cl\/web\/index.php\/wp-json\/wp\/v2\/posts\/2489"}],"collection":[{"href":"https:\/\/www.redgesam.cl\/web\/index.php\/wp-json\/wp\/v2\/posts"}],"about":[{"href":"https:\/\/www.redgesam.cl\/web\/index.php\/wp-json\/wp\/v2\/types\/post"}],"author":[{"embeddable":true,"href":"https:\/\/www.redgesam.cl\/web\/index.php\/wp-json\/wp\/v2\/users\/1"}],"replies":[{"embeddable":true,"href":"https:\/\/www.redgesam.cl\/web\/index.php\/wp-json\/wp\/v2\/comments?post=2489"}],"version-history":[{"count":0,"href":"https:\/\/www.redgesam.cl\/web\/index.php\/wp-json\/wp\/v2\/posts\/2489\/revisions"}],"wp:featuredmedia":[{"embeddable":true,"href":"https:\/\/www.redgesam.cl\/web\/index.php\/wp-json\/"}],"wp:attachment":[{"href":"https:\/\/www.redgesam.cl\/web\/index.php\/wp-json\/wp\/v2\/media?parent=2489"}],"wp:term":[{"taxonomy":"category","embeddable":true,"href":"https:\/\/www.redgesam.cl\/web\/index.php\/wp-json\/wp\/v2\/categories?post=2489"},{"taxonomy":"post_tag","embeddable":true,"href":"https:\/\/www.redgesam.cl\/web\/index.php\/wp-json\/wp\/v2\/tags?post=2489"}],"curies":[{"name":"wp","href":"https:\/\/api.w.org\/{rel}","templated":true}]}}