{"id":2509,"date":"2016-05-04T12:00:20","date_gmt":"2016-05-04T16:00:20","guid":{"rendered":"http:\/\/www.redgesam.cl\/wp\/?p=2509"},"modified":"2016-05-04T12:00:20","modified_gmt":"2016-05-04T16:00:20","slug":"feliz-dia-de-la-mama","status":"publish","type":"post","link":"https:\/\/www.redgesam.cl\/web\/index.php\/2016\/05\/04\/feliz-dia-de-la-mama\/","title":{"rendered":"FELIZ D\u00cdA DE LA MAM\u00c1"},"content":{"rendered":"<p>Con motivo de la celebraci\u00f3n del D\u00eda de la Madre, el pr\u00f3ximo domingo 8 de mayo, Redgesam env\u00eda su m\u00e1s cari\u00f1oso y especial saludo a todas nuestras estimadas y apreciadas Colaboradoras, quienes junto con entregar su valioso aporte a nuestra fuente laboral se esfuerzan d\u00eda a d\u00eda para ser las mejores Mam\u00e1s y brindar lo mejor de s\u00ed a sus hijos.<\/p>\n<p>Como se sabe, la celebraci\u00f3n del D\u00eda de la Madre surge como un homenaje especial a las mujeres, que por su naturaleza est\u00e1n facultadas para llevar vida en su interior, y adem\u00e1s, por la gran labor que desempe\u00f1an como cuidadoras y forjadoras de las generaciones futuras.<\/p>\n<p><strong>\u00a1\u00a1Much\u00edsimas felicidades a todas las Mam\u00e1s de Redgesam!!<\/strong><\/p>\n<p>Les desean,<\/p>\n<p>Dr. Jorge Ochoa\u00a0\u00a0\u00a0\u00a0\u00a0\u00a0\u00a0\u00a0\u00a0\u00a0\u00a0\u00a0\u00a0\u00a0\u00a0\u00a0\u00a0\u00a0 Dr. Guillermo Vergara<\/p>\n<p><a href=\"http:\/\/www.redgesam.cl\/wp\/wp-content\/uploads\/2016\/05\/REDGESAM-D\u00eda-Madre-2016.png\"><img decoding=\"async\" class=\"lazyload alignleft size-large wp-image-2510\" title=\"REDGESAM-D\u00eda-Madre-2016\" src=\"data:image\/svg+xml,%3Csvg%20xmlns%3D%27http%3A%2F%2Fwww.w3.org%2F2000%2Fsvg%27%20width%3D%27640%27%20height%3D%27466%27%20viewBox%3D%270%200%20640%20466%27%3E%3Crect%20width%3D%27640%27%20height%3D%27466%27%20fill-opacity%3D%220%22%2F%3E%3C%2Fsvg%3E\" data-orig-src=\"http:\/\/www.redgesam.cl\/wp\/wp-content\/uploads\/2016\/05\/REDGESAM-D\u00eda-Madre-2016-1024x747.png\" alt=\"\" width=\"640\" height=\"466\" \/><\/a><\/p>\n","protected":false},"excerpt":{"rendered":"<p>Con motivo de la celebraci\u00f3n del D\u00eda de la Madre, el pr\u00f3ximo domingo 8 de mayo, Redgesam env\u00eda su m\u00e1s cari\u00f1oso y especial saludo a todas nuestras estimadas y apreciadas Colaboradoras, quienes junto con entregar su valioso aporte a nuestra [&hellip;]<\/p>\n","protected":false},"author":1,"featured_media":2510,"comment_status":"closed","ping_status":"closed","sticky":false,"template":"","format":"standard","meta":[],"categories":[17],"tags":[],"_links":{"self":[{"href":"https:\/\/www.redgesam.cl\/web\/index.php\/wp-json\/wp\/v2\/posts\/2509"}],"collection":[{"href":"https:\/\/www.redgesam.cl\/web\/index.php\/wp-json\/wp\/v2\/posts"}],"about":[{"href":"https:\/\/www.redgesam.cl\/web\/index.php\/wp-json\/wp\/v2\/types\/post"}],"author":[{"embeddable":true,"href":"https:\/\/www.redgesam.cl\/web\/index.php\/wp-json\/wp\/v2\/users\/1"}],"replies":[{"embeddable":true,"href":"https:\/\/www.redgesam.cl\/web\/index.php\/wp-json\/wp\/v2\/comments?post=2509"}],"version-history":[{"count":0,"href":"https:\/\/www.redgesam.cl\/web\/index.php\/wp-json\/wp\/v2\/posts\/2509\/revisions"}],"wp:featuredmedia":[{"embeddable":true,"href":"https:\/\/www.redgesam.cl\/web\/index.php\/wp-json\/"}],"wp:attachment":[{"href":"https:\/\/www.redgesam.cl\/web\/index.php\/wp-json\/wp\/v2\/media?parent=2509"}],"wp:term":[{"taxonomy":"category","embeddable":true,"href":"https:\/\/www.redgesam.cl\/web\/index.php\/wp-json\/wp\/v2\/categories?post=2509"},{"taxonomy":"post_tag","embeddable":true,"href":"https:\/\/www.redgesam.cl\/web\/index.php\/wp-json\/wp\/v2\/tags?post=2509"}],"curies":[{"name":"wp","href":"https:\/\/api.w.org\/{rel}","templated":true}]}}