{"id":2513,"date":"2016-05-10T10:27:06","date_gmt":"2016-05-10T14:27:06","guid":{"rendered":"http:\/\/www.redgesam.cl\/wp\/?p=2513"},"modified":"2016-05-10T10:27:06","modified_gmt":"2016-05-10T14:27:06","slug":"en-mexico-buscan-declarar-el-dia-mundial-de-la-salud-mental-materna","status":"publish","type":"post","link":"https:\/\/www.redgesam.cl\/web\/index.php\/2016\/05\/10\/en-mexico-buscan-declarar-el-dia-mundial-de-la-salud-mental-materna\/","title":{"rendered":"En M\u00e9xico buscan declarar el D\u00eda Mundial de la Salud Mental Materna"},"content":{"rendered":"<p><a href=\"http:\/\/www.redgesam.cl\/wp\/wp-content\/uploads\/2016\/05\/FOTO-WEB.jpg\"><img decoding=\"async\" class=\"lazyload alignleft size-thumbnail wp-image-2514\" title=\"FOTO WEB\" src=\"data:image\/svg+xml,%3Csvg%20xmlns%3D%27http%3A%2F%2Fwww.w3.org%2F2000%2Fsvg%27%20width%3D%27150%27%20height%3D%27150%27%20viewBox%3D%270%200%20150%20150%27%3E%3Crect%20width%3D%27150%27%20height%3D%27150%27%20fill-opacity%3D%220%22%2F%3E%3C%2Fsvg%3E\" data-orig-src=\"http:\/\/www.redgesam.cl\/wp\/wp-content\/uploads\/2016\/05\/FOTO-WEB-150x150.jpg\" alt=\"\" width=\"150\" height=\"150\" \/><\/a>Organizaciones de distintos pa\u00edses, entre ellos Red Ciudadana, buscan la promulgaci\u00f3n del D\u00eda Mundial de la Salud Mental Materna, la cual pretende que la salud mental perinatal reciba la atenci\u00f3n que merece tanto de la sociedad como de los responsables de las pol\u00edticas sanitarias.<\/p>\n<p>Con la iniciativa se pretenden mejorar los recursos econ\u00f3micos en los programas preventivos, detecci\u00f3n y tratamiento de los trastornos mentales durante el embarazo y el primer a\u00f1o de nacido del beb\u00e9.<br \/>\nJos\u00e9 de Jes\u00fas Guti\u00e9rrez, presidente de Red Ciudadana inform\u00f3 que 10% de las madres presenta una depresi\u00f3n postparto; una de cada cinco madres presenta alg\u00fan trastorno mental como depresi\u00f3n o ansiedad durante el embarazo o postparto; cuatro por ciento de las madres presenta trastorno mental grave y una de cada mil madres padece psicosis puerperal.<br \/>\nDerivados de esos problemas se puede presentar el suicidio durante el primer a\u00f1o despu\u00e9s del parto y el infanticidio materno.<\/p>\n<p>Ver m\u00e1s en:<br \/>\n<a href=\"http:\/\/www.entornointeligente.com\/articulo\/8361230\/MEXICO-Buscan-declarar-el-Diacute;a-Mundial-de-la-Salud-Mental-Materna\">http:\/\/www.entornointeligente.com\/articulo\/8361230\/MEXICO-Buscan-declarar-el-Diacute;a-Mundial-de-la-Salud-Mental-Materna<\/a><\/p>\n","protected":false},"excerpt":{"rendered":"<p>Organizaciones de distintos pa\u00edses, entre ellos Red Ciudadana, buscan la promulgaci\u00f3n del D\u00eda Mundial de la Salud Mental Materna, la cual pretende que la salud mental perinatal reciba la atenci\u00f3n que merece tanto de la sociedad como de los responsables [&hellip;]<\/p>\n","protected":false},"author":1,"featured_media":2514,"comment_status":"closed","ping_status":"closed","sticky":false,"template":"","format":"standard","meta":[],"categories":[14],"tags":[],"_links":{"self":[{"href":"https:\/\/www.redgesam.cl\/web\/index.php\/wp-json\/wp\/v2\/posts\/2513"}],"collection":[{"href":"https:\/\/www.redgesam.cl\/web\/index.php\/wp-json\/wp\/v2\/posts"}],"about":[{"href":"https:\/\/www.redgesam.cl\/web\/index.php\/wp-json\/wp\/v2\/types\/post"}],"author":[{"embeddable":true,"href":"https:\/\/www.redgesam.cl\/web\/index.php\/wp-json\/wp\/v2\/users\/1"}],"replies":[{"embeddable":true,"href":"https:\/\/www.redgesam.cl\/web\/index.php\/wp-json\/wp\/v2\/comments?post=2513"}],"version-history":[{"count":0,"href":"https:\/\/www.redgesam.cl\/web\/index.php\/wp-json\/wp\/v2\/posts\/2513\/revisions"}],"wp:featuredmedia":[{"embeddable":true,"href":"https:\/\/www.redgesam.cl\/web\/index.php\/wp-json\/"}],"wp:attachment":[{"href":"https:\/\/www.redgesam.cl\/web\/index.php\/wp-json\/wp\/v2\/media?parent=2513"}],"wp:term":[{"taxonomy":"category","embeddable":true,"href":"https:\/\/www.redgesam.cl\/web\/index.php\/wp-json\/wp\/v2\/categories?post=2513"},{"taxonomy":"post_tag","embeddable":true,"href":"https:\/\/www.redgesam.cl\/web\/index.php\/wp-json\/wp\/v2\/tags?post=2513"}],"curies":[{"name":"wp","href":"https:\/\/api.w.org\/{rel}","templated":true}]}}