{"id":2528,"date":"2016-05-23T10:49:53","date_gmt":"2016-05-23T14:49:53","guid":{"rendered":"http:\/\/www.redgesam.cl\/wp\/?p=2528"},"modified":"2016-05-23T10:49:53","modified_gmt":"2016-05-23T14:49:53","slug":"soy-como-tu-aunque-no-lo-sepas-nuevo-lema-de-salud-mental-en-espana","status":"publish","type":"post","link":"https:\/\/www.redgesam.cl\/web\/index.php\/2016\/05\/23\/soy-como-tu-aunque-no-lo-sepas-nuevo-lema-de-salud-mental-en-espana\/","title":{"rendered":"\u201cSoy como t\u00fa aunque no lo sepas\u201d, nuevo lema de Salud Mental en Espa\u00f1a"},"content":{"rendered":"<p><a href=\"http:\/\/www.redgesam.cl\/wp\/wp-content\/uploads\/2016\/05\/FOTO-ESPA\u00d1A.jpg\"><img decoding=\"async\" class=\"lazyload aligncenter size-medium wp-image-2529\" title=\"FOTO ESPA\u00d1A\" src=\"data:image\/svg+xml,%3Csvg%20xmlns%3D%27http%3A%2F%2Fwww.w3.org%2F2000%2Fsvg%27%20width%3D%27300%27%20height%3D%27105%27%20viewBox%3D%270%200%20300%20105%27%3E%3Crect%20width%3D%27300%27%20height%3D%27105%27%20fill-opacity%3D%220%22%2F%3E%3C%2Fsvg%3E\" data-orig-src=\"http:\/\/www.redgesam.cl\/wp\/wp-content\/uploads\/2016\/05\/FOTO-ESPA\u00d1A-300x105.jpg\" alt=\"\" width=\"300\" height=\"105\" \/><\/a>La edici\u00f3n 2016 del\u00a0<strong>D\u00eda Mundial de la Salud Mental en Espa\u00f1a<\/strong>\u00a0se celebrar\u00e1 bajo el lema\u00a0<strong>\u2018Soy como t\u00fa aunque a\u00fan no lo sepas\u2019<\/strong>, eslogan elegido por los usuarios participantes en votaci\u00f3n habilitada en Internet.<\/p>\n<p>En esta ocasi\u00f3n, el eslogan pretende llamar a la\u00a0<strong>empat\u00eda<\/strong>\u00a0<strong>de la sociedad<\/strong>\u00a0para con las personas con problemas de\u00a0<strong>salud mental<\/strong>. La idea es que todos utilicen este eslogan en las actividades relacionadas con el D\u00eda Mundial de la Salud Mental, que se celebrar\u00e1 el pr\u00f3ximo 10 de octubre.<\/p>\n<p>El lema \u2018Soy como t\u00fa aunque a\u00fan no lo sepas\u2019 supero otras opciones como:\u00a0<strong>\u2018Hoy por m\u00ed \u00bfMa\u00f1ana por ti?\u2019<\/strong>; <strong>\u2018Voces para la salud mental; Hazte escuchar\u2019;<\/strong>\u00a0<strong>\u2018No est\u00e1s solo. Hazte escuchar\u2019<\/strong> y\u00a0<strong>\u2018Escucha nuestra voz\u2019<\/strong>.<\/p>\n<p>Ver m\u00e1s en:.<\/p>\n<p><a href=\"http:\/\/www.somospacientes.com\/noticias\/asociaciones\/soy-como-tu-aunque-aun-no-lo-sepas-lema-del-dia-mundial-de-la-salud-mental\/\" target=\"_blank\" rel=\"noopener noreferrer\">http:\/\/www.somospacientes.com\/noticias\/asociaciones\/soy-como-tu-aunque-aun-no-lo-sepas-lema-del-dia-mundial-de-la-salud-mental\/<\/a><\/p>\n","protected":false},"excerpt":{"rendered":"<p>La edici\u00f3n 2016 del\u00a0D\u00eda Mundial de la Salud Mental en Espa\u00f1a\u00a0se celebrar\u00e1 bajo el lema\u00a0\u2018Soy como t\u00fa aunque a\u00fan no lo sepas\u2019, eslogan elegido por los usuarios participantes en votaci\u00f3n habilitada en Internet. En esta ocasi\u00f3n, el eslogan pretende llamar [&hellip;]<\/p>\n","protected":false},"author":1,"featured_media":2529,"comment_status":"closed","ping_status":"closed","sticky":false,"template":"","format":"standard","meta":[],"categories":[14],"tags":[],"_links":{"self":[{"href":"https:\/\/www.redgesam.cl\/web\/index.php\/wp-json\/wp\/v2\/posts\/2528"}],"collection":[{"href":"https:\/\/www.redgesam.cl\/web\/index.php\/wp-json\/wp\/v2\/posts"}],"about":[{"href":"https:\/\/www.redgesam.cl\/web\/index.php\/wp-json\/wp\/v2\/types\/post"}],"author":[{"embeddable":true,"href":"https:\/\/www.redgesam.cl\/web\/index.php\/wp-json\/wp\/v2\/users\/1"}],"replies":[{"embeddable":true,"href":"https:\/\/www.redgesam.cl\/web\/index.php\/wp-json\/wp\/v2\/comments?post=2528"}],"version-history":[{"count":0,"href":"https:\/\/www.redgesam.cl\/web\/index.php\/wp-json\/wp\/v2\/posts\/2528\/revisions"}],"wp:featuredmedia":[{"embeddable":true,"href":"https:\/\/www.redgesam.cl\/web\/index.php\/wp-json\/"}],"wp:attachment":[{"href":"https:\/\/www.redgesam.cl\/web\/index.php\/wp-json\/wp\/v2\/media?parent=2528"}],"wp:term":[{"taxonomy":"category","embeddable":true,"href":"https:\/\/www.redgesam.cl\/web\/index.php\/wp-json\/wp\/v2\/categories?post=2528"},{"taxonomy":"post_tag","embeddable":true,"href":"https:\/\/www.redgesam.cl\/web\/index.php\/wp-json\/wp\/v2\/tags?post=2528"}],"curies":[{"name":"wp","href":"https:\/\/api.w.org\/{rel}","templated":true}]}}