{"id":2542,"date":"2016-05-26T10:19:14","date_gmt":"2016-05-26T14:19:14","guid":{"rendered":"http:\/\/www.redgesam.cl\/wp\/?p=2542"},"modified":"2016-05-26T10:19:14","modified_gmt":"2016-05-26T14:19:14","slug":"bbc-mundo-destaca-tragedia-de-joven-suicida-en-zoo-chileno","status":"publish","type":"post","link":"https:\/\/www.redgesam.cl\/web\/index.php\/2016\/05\/26\/bbc-mundo-destaca-tragedia-de-joven-suicida-en-zoo-chileno\/","title":{"rendered":"BBC Mundo destaca tragedia de joven &#8220;suicida&#8221; en ZOO chileno"},"content":{"rendered":"<p><a href=\"http:\/\/www.redgesam.cl\/wp\/wp-content\/uploads\/2016\/05\/FOTO-LEONES.jpg\"><img decoding=\"async\" class=\"lazyload alignleft size-thumbnail wp-image-2543\" title=\"FOTO LEONES\" src=\"data:image\/svg+xml,%3Csvg%20xmlns%3D%27http%3A%2F%2Fwww.w3.org%2F2000%2Fsvg%27%20width%3D%27150%27%20height%3D%27150%27%20viewBox%3D%270%200%20150%20150%27%3E%3Crect%20width%3D%27150%27%20height%3D%27150%27%20fill-opacity%3D%220%22%2F%3E%3C%2Fsvg%3E\" data-orig-src=\"http:\/\/www.redgesam.cl\/wp\/wp-content\/uploads\/2016\/05\/FOTO-LEONES-150x150.jpg\" alt=\"\" width=\"150\" height=\"150\" \/><\/a>Lo que pas\u00f3 el fin de semana en Santiago de Chile, cuando un joven entr\u00f3 a la jaula de los leones del principal zool\u00f3gico del pa\u00eds y el sacrificio que se hizo de los dos felinos para salvarle la vida, puede parecer un solo incidente. Pero en realidad son muchas historias.<\/p>\n<p>D\u00edas despu\u00e9s de los hechos, el tema sigue siendo objeto de debate en medios, redes sociales, casas y oficinas.<\/p>\n<p>Se habla de\u00a0falta de empat\u00eda\u00a0hacia el joven que irrumpi\u00f3 en el recinto\u00a0y de la muerte del le\u00f3n y la leona que los guardias no lograron evitar.<\/p>\n<p>Se\u00a0cuestionan los protocolos del zool\u00f3gico.<\/p>\n<p>Los siquiatras aventuran pron\u00f3sticos y los expertos alertan de la\u00a0falta de financiamiento para la salud mental\u00a0en el pa\u00eds.<\/p>\n<p>El mismo domingo la prensa local public\u00f3 los primeros datos biogr\u00e1ficos del hombre que, en menos de cuatro minutos, marc\u00f3 la historia del parque chileno.\u00a0<strong>Su nombre es Franco Ferrada y tiene 20 a\u00f1os<\/strong>.<\/p>\n<p><strong>El joven tiene lesiones en el cr\u00e1neo, la cara, el cuello y la zona p\u00e9lvica<\/strong>\u00a0y fue alcanzado en una pierna por uno de los dardos tranquilizantes disparado a los animales.<\/p>\n<p>El sistema de salud chileno garantiza el acceso a cualquier recinto hospitalario a un paciente cuya vida est\u00e1 en peligro y Ferrada se encuentra internado en una cl\u00ednica privada cercana al zool\u00f3gico.<\/p>\n<p><strong>Su estado es grave, aunque no se encuentra en riesgo vital<\/strong>.<\/p>\n<p>&nbsp;<\/p>\n<p>FALTA DE SENSIBILIDAD HACIA LA SALUD MENTAL<\/p>\n<p>&nbsp;<\/p>\n<p>Su intento de suicidio dividi\u00f3 a los chilenos\u00a0y en redes sociales los mensajes m\u00e1s extremos apuntaban a que habr\u00eda sido mejor salvar a los felinos.<\/p>\n<p>&#8220;Hay gente que se ha manifestado en t\u00e9rminos muy duros hacia esta persona, empatizando mucho con la p\u00e9rdida de los leones, pero sin visibilizar el sufrimiento que debe haber en alguien que se involucra en una situaci\u00f3n como \u00e9sta&#8221;, le dijo a BBC Mundo \u00c1lvaro Jeria, jefe de hospitalizaci\u00f3n siqui\u00e1trica del hospital S\u00f3tero del R\u00edo, uno de los m\u00e1s importantes de la capital chilena.<\/p>\n<p>&#8220;Hay una falta absoluta de sensibilidad hacia la salud mental en nuestra poblaci\u00f3n. Los siquiatras y trabajadores de la salud mental no hemos sido capaces de educar sobre los cuidados de la salud mental o respecto a que nadie est\u00e1 libre de presentar un cuadro grave&#8221;.<\/p>\n<p>&#8220;No es un problema aislado, no es algo que amerite que a esta gente haya que encerrarla, como le\u00ed por ah\u00ed&#8221;, asegura el\u00a0 Dr. Jeria<\/p>\n<p>Ver\u00a0 m\u00e1s en:<\/p>\n<p><a href=\"http:\/\/www.bbc.com\/mundo\/america_latina\/2016\/05\/160525_chile_leones_zoo_historias_suicidio_pm\" target=\"_blank\" rel=\"noopener noreferrer\">http:\/\/www.bbc.com\/mundo\/america_latina\/2016\/05\/160525_chile_leones_zoo_historias_suicidio_pm<\/a><\/p>\n","protected":false},"excerpt":{"rendered":"<p>Lo que pas\u00f3 el fin de semana en Santiago de Chile, cuando un joven entr\u00f3 a la jaula de los leones del principal zool\u00f3gico del pa\u00eds y el sacrificio que se hizo de los dos felinos para salvarle la vida, [&hellip;]<\/p>\n","protected":false},"author":1,"featured_media":2543,"comment_status":"closed","ping_status":"closed","sticky":false,"template":"","format":"standard","meta":[],"categories":[14],"tags":[],"_links":{"self":[{"href":"https:\/\/www.redgesam.cl\/web\/index.php\/wp-json\/wp\/v2\/posts\/2542"}],"collection":[{"href":"https:\/\/www.redgesam.cl\/web\/index.php\/wp-json\/wp\/v2\/posts"}],"about":[{"href":"https:\/\/www.redgesam.cl\/web\/index.php\/wp-json\/wp\/v2\/types\/post"}],"author":[{"embeddable":true,"href":"https:\/\/www.redgesam.cl\/web\/index.php\/wp-json\/wp\/v2\/users\/1"}],"replies":[{"embeddable":true,"href":"https:\/\/www.redgesam.cl\/web\/index.php\/wp-json\/wp\/v2\/comments?post=2542"}],"version-history":[{"count":0,"href":"https:\/\/www.redgesam.cl\/web\/index.php\/wp-json\/wp\/v2\/posts\/2542\/revisions"}],"wp:featuredmedia":[{"embeddable":true,"href":"https:\/\/www.redgesam.cl\/web\/index.php\/wp-json\/"}],"wp:attachment":[{"href":"https:\/\/www.redgesam.cl\/web\/index.php\/wp-json\/wp\/v2\/media?parent=2542"}],"wp:term":[{"taxonomy":"category","embeddable":true,"href":"https:\/\/www.redgesam.cl\/web\/index.php\/wp-json\/wp\/v2\/categories?post=2542"},{"taxonomy":"post_tag","embeddable":true,"href":"https:\/\/www.redgesam.cl\/web\/index.php\/wp-json\/wp\/v2\/tags?post=2542"}],"curies":[{"name":"wp","href":"https:\/\/api.w.org\/{rel}","templated":true}]}}