{"id":2550,"date":"2016-06-01T16:14:03","date_gmt":"2016-06-01T20:14:03","guid":{"rendered":"http:\/\/www.redgesam.cl\/wp\/?p=2550"},"modified":"2016-06-01T16:14:03","modified_gmt":"2016-06-01T20:14:03","slug":"exitosa-carrera-por-la-salud-mental-en-madrid","status":"publish","type":"post","link":"https:\/\/www.redgesam.cl\/web\/index.php\/2016\/06\/01\/exitosa-carrera-por-la-salud-mental-en-madrid\/","title":{"rendered":"Exitosa Carrera por la Salud Mental en Madrid"},"content":{"rendered":"<p><strong><a href=\"http:\/\/www.redgesam.cl\/wp\/wp-content\/uploads\/2016\/06\/FOTO-carrera-madrid.jpg\"><img decoding=\"async\" class=\"lazyload alignleft size-thumbnail wp-image-2551\" title=\"FOTO carrera madrid\" src=\"data:image\/svg+xml,%3Csvg%20xmlns%3D%27http%3A%2F%2Fwww.w3.org%2F2000%2Fsvg%27%20width%3D%27150%27%20height%3D%27150%27%20viewBox%3D%270%200%20150%20150%27%3E%3Crect%20width%3D%27150%27%20height%3D%27150%27%20fill-opacity%3D%220%22%2F%3E%3C%2Fsvg%3E\" data-orig-src=\"http:\/\/www.redgesam.cl\/wp\/wp-content\/uploads\/2016\/06\/FOTO-carrera-madrid-150x150.jpg\" alt=\"\" width=\"150\" height=\"150\" \/><\/a>M\u00e1s de un millar de corredores de todas las edades participaron en la V Carrera Solidaria por la Salud Mental, organizada por Fundaci\u00f3n Manantial en el parque Juan Carlos I de Madrid, con el objetivo de \u201csensibilizar a la sociedad y transmitir un mensaje positivo e integrador\u201d<\/strong><strong><\/strong><\/p>\n<p>\u201cEsta carrera se ha convertido en una referencia en la Salud Mental, queremos seguir creciendo, queremos seguir utilizando el deporte como una forma de integraci\u00f3n\u201d, explic\u00f3 Francisco Sardina, presidente de la Fundaci\u00f3n Manantial. \u201cLas personas con problemas de salud mental son uno m\u00e1s entre nosotros y hoy han corrido aqu\u00ed sin distinciones, ni etiquetas\u201d.<\/p>\n<p>Este a\u00f1o todos los corredores han portado una tirita azul en la frente como acci\u00f3n de sensibilizaci\u00f3n para apoyar en la recuperaci\u00f3n e integraci\u00f3n socio-laboral.<\/p>\n<p>Los recorridos eran de 10 kil\u00f3metros, 4 km y una marcha de 1,7 km as\u00ed como carreras para menores y actos l\u00fadicos. en los que han participado desde corredores profesionales, familias, aficionados al running, representantes del tejido asociativo de familiares y usuarios hasta amigos de Fundaci\u00f3n Manantial.<\/p>\n<p>parte de la 5 Carrera Solidaria por la Salud Mental.<\/p>\n<p>La Fundaci\u00f3n Manantial es una entidad sin \u00e1nimo de lucro que fue fundada en 1995 por asociaciones de familiares para la atenci\u00f3n integral de personas con trastorno mental. Entre sus fines est\u00e1n la tutela, la puesta en marcha y gesti\u00f3n de centros de atenci\u00f3n social de la Consejer\u00eda de Pol\u00edticas Sociales y Familia de la Comunidad de Madrid, la promoci\u00f3n de programas y actuaciones en el \u00e1mbito penitenciario y la generaci\u00f3n de empleo. Adem\u00e1s, promueve el desarrollo de iniciativas de prevenci\u00f3n, sensibilizaci\u00f3n, asistenciales y psicoterap\u00e9uticas que facilitan la incorporaci\u00f3n y participaci\u00f3n real de las personas con problemas de salud mental en la sociedad.<\/p>\n<p>Ver m\u00e1s en: <a href=\"http:\/\/www.cronicanorte.es\/corredores-madrid-carrera-salud-mental%E2%80%8B\/100297\" target=\"_blank\" rel=\"noopener noreferrer\">http:\/\/www.cronicanorte.es\/corredores-madrid-carrera-salud-mental%E2%80%8B\/100297<\/a><\/p>\n","protected":false},"excerpt":{"rendered":"<p>M\u00e1s de un millar de corredores de todas las edades participaron en la V Carrera Solidaria por la Salud Mental, organizada por Fundaci\u00f3n Manantial en el parque Juan Carlos I de Madrid, con el objetivo de \u201csensibilizar a la sociedad [&hellip;]<\/p>\n","protected":false},"author":1,"featured_media":2551,"comment_status":"closed","ping_status":"closed","sticky":false,"template":"","format":"standard","meta":[],"categories":[17],"tags":[],"_links":{"self":[{"href":"https:\/\/www.redgesam.cl\/web\/index.php\/wp-json\/wp\/v2\/posts\/2550"}],"collection":[{"href":"https:\/\/www.redgesam.cl\/web\/index.php\/wp-json\/wp\/v2\/posts"}],"about":[{"href":"https:\/\/www.redgesam.cl\/web\/index.php\/wp-json\/wp\/v2\/types\/post"}],"author":[{"embeddable":true,"href":"https:\/\/www.redgesam.cl\/web\/index.php\/wp-json\/wp\/v2\/users\/1"}],"replies":[{"embeddable":true,"href":"https:\/\/www.redgesam.cl\/web\/index.php\/wp-json\/wp\/v2\/comments?post=2550"}],"version-history":[{"count":0,"href":"https:\/\/www.redgesam.cl\/web\/index.php\/wp-json\/wp\/v2\/posts\/2550\/revisions"}],"wp:featuredmedia":[{"embeddable":true,"href":"https:\/\/www.redgesam.cl\/web\/index.php\/wp-json\/"}],"wp:attachment":[{"href":"https:\/\/www.redgesam.cl\/web\/index.php\/wp-json\/wp\/v2\/media?parent=2550"}],"wp:term":[{"taxonomy":"category","embeddable":true,"href":"https:\/\/www.redgesam.cl\/web\/index.php\/wp-json\/wp\/v2\/categories?post=2550"},{"taxonomy":"post_tag","embeddable":true,"href":"https:\/\/www.redgesam.cl\/web\/index.php\/wp-json\/wp\/v2\/tags?post=2550"}],"curies":[{"name":"wp","href":"https:\/\/api.w.org\/{rel}","templated":true}]}}