{"id":2563,"date":"2016-06-18T01:08:28","date_gmt":"2016-06-18T05:08:28","guid":{"rendered":"http:\/\/www.redgesam.cl\/wp\/?p=2563"},"modified":"2016-06-18T01:08:28","modified_gmt":"2016-06-18T05:08:28","slug":"grupo-salud-sustentable-realizara-seminario-dedicado-a-los-10-anos-del-ges-en-depresion","status":"publish","type":"post","link":"https:\/\/www.redgesam.cl\/web\/index.php\/2016\/06\/18\/grupo-salud-sustentable-realizara-seminario-dedicado-a-los-10-anos-del-ges-en-depresion\/","title":{"rendered":"Grupo Salud Sustentable realizar\u00e1 seminario dedicado a los 10 a\u00f1os del GES en depresi\u00f3n"},"content":{"rendered":"<p>\u201cEl gran aporte de la ley GES es que abri\u00f3 las puertas a tratamientos basados en evidencia y seg\u00fan protocolos cl\u00ednicos a un importante n\u00famero de personas que antes no ten\u00eda acceso. Muchas personas, que antes por problemas econ\u00f3micos no pod\u00edan solventar un buen tratamiento contra la depresi\u00f3n, hoy d\u00eda con un copago m\u00ednimo tienen acceso a un tratamiento farmacol\u00f3gico indicado por especialistas o m\u00e9dicos generales, dependiendo de la gravedad del cuadro, psicoterapia, psicoeducaci\u00f3n grupal, incluyendo la hospitalizaci\u00f3n en el primer a\u00f1o. Durante estos 10 a\u00f1os m\u00e1s de un mill\u00f3n de personas han sido tratadas en las redes p\u00fablicas o privadas de salud\u201d. As\u00ed expone el Dr. Jorge Ochoa, director comercial de Cetep y Gerente General de Redgesam, la importancia que ha tenido la incorporaci\u00f3n de la depresi\u00f3n en la ley GES.<\/p>\n<p>Y por este motivo, Grupo Salud Sustentable realizar\u00e1 un nuevo seminario llamado \u201cEs tiempo de an\u00e1lisis. A 10 a\u00f1os del GES Depresi\u00f3n: \u00bfcu\u00e1l es el balance?\u201d para analizar y debatir \u00a0este hito en la Salud P\u00fablica de nuestro pa\u00eds.<\/p>\n<p>El evento contar\u00e1 con la participaci\u00f3n de destacadas figuras del \u00e1mbito p\u00fablico y privado de salud, as\u00ed como tambi\u00e9n del mundo universitario ligado a temas de Salud Mental, entre ellos: Patricia Mu\u00f1oz, Decana de la Facultad de Medicina de la UDP, Natalia Dembowski, Asesora del Departamento de Salud Mental de MINSAL y Docente de la UDP; Roberto Tegtmeier, investigador del Departamento de Estudios y Desarrollos de la Superintendencia de Salud; Gonzalo Sim\u00f3n, del Departamento de Estudios de la Asociaci\u00f3n de Isapres; Alfredo Pemjean, ex Jefe del Departamento de Salud Mental de MINSAL, docente de la Facultad de Medicina de UDP;\u00a0 Guillermo Vergara, Director M\u00e9dico de Redgesam;\u00a0 Ximena Donoso, Directora M\u00e9dica de la Unidad de Gesti\u00f3n de Hospitalizaciones de Cetep.<\/p>\n<p>El Dr. Jorge Ochoa explica que \u201cla idea del seminario es siempre entregar alguna herramienta, y en este caso, es ampliar la mirada m\u00e1s all\u00e1 de lo cl\u00ednico: hacer un repaso global de la depresi\u00f3n, desde el box de atenci\u00f3n hacia la poblaci\u00f3n, ver que est\u00e1 pasando con los pacientes hoy en d\u00eda y hacia donde queremos llegar con ellos, adem\u00e1s de ampliar el horizonte de tratamiento, apoyo, prevenci\u00f3n y promoci\u00f3n en Salud Mental que hoy d\u00eda est\u00e1 bastante soslayada\u201d, agrega el Dr. Jorge Ochoa.<\/p>\n<p>\u201cSer\u00e1 un seminario muy interesante, con muy buenos relatores tanto de las autoridades como de los equipos de salud en que vamos a discutir y analizar el GES en depresi\u00f3n. Est\u00e1 abierto al p\u00fablico en general, pacientes y familiares, quienes tambi\u00e9n son parte de esta problem\u00e1tica, y saber qu\u00e9 es lo que esperamos los que trabajamos en Salud Mental para los pr\u00f3ximos 10 a\u00f1os\u201d,\u00a0 puntualiza el Dr. Ochoa.<\/p>\n<p>Los invitamos a participar de este evento\u00a0 que se realizar\u00e1 el viernes 1 de julio en el Auditorio de la Biblioteca Nicanor Parra, de la Universidad Diego Portales, de 8:30 a 13:30 horas. M\u00e1s informaci\u00f3n e inscripci\u00f3n en <a href=\"http:\/\/www.saludsustentable.cl\/\">www.saludsustentable.cl<\/a><\/p>\n<p><a href=\"http:\/\/www.redgesam.cl\/wp\/wp-content\/uploads\/2016\/06\/Semi2016.png\"><img decoding=\"async\" class=\"lazyload alignleft size-large wp-image-2564\" title=\"Semi2016\" src=\"data:image\/svg+xml,%3Csvg%20xmlns%3D%27http%3A%2F%2Fwww.w3.org%2F2000%2Fsvg%27%20width%3D%27640%27%20height%3D%27452%27%20viewBox%3D%270%200%20640%20452%27%3E%3Crect%20width%3D%27640%27%20height%3D%27452%27%20fill-opacity%3D%220%22%2F%3E%3C%2Fsvg%3E\" data-orig-src=\"http:\/\/www.redgesam.cl\/wp\/wp-content\/uploads\/2016\/06\/Semi2016-1024x724.png\" alt=\"\" width=\"640\" height=\"452\" \/><\/a><\/p>\n<p>&nbsp;<\/p>\n","protected":false},"excerpt":{"rendered":"<p>\u201cEl gran aporte de la ley GES es que abri\u00f3 las puertas a tratamientos basados en evidencia y seg\u00fan protocolos cl\u00ednicos a un importante n\u00famero de personas que antes no ten\u00eda acceso. Muchas personas, que antes por problemas econ\u00f3micos no [&hellip;]<\/p>\n","protected":false},"author":1,"featured_media":2564,"comment_status":"closed","ping_status":"closed","sticky":false,"template":"","format":"standard","meta":[],"categories":[17],"tags":[],"_links":{"self":[{"href":"https:\/\/www.redgesam.cl\/web\/index.php\/wp-json\/wp\/v2\/posts\/2563"}],"collection":[{"href":"https:\/\/www.redgesam.cl\/web\/index.php\/wp-json\/wp\/v2\/posts"}],"about":[{"href":"https:\/\/www.redgesam.cl\/web\/index.php\/wp-json\/wp\/v2\/types\/post"}],"author":[{"embeddable":true,"href":"https:\/\/www.redgesam.cl\/web\/index.php\/wp-json\/wp\/v2\/users\/1"}],"replies":[{"embeddable":true,"href":"https:\/\/www.redgesam.cl\/web\/index.php\/wp-json\/wp\/v2\/comments?post=2563"}],"version-history":[{"count":0,"href":"https:\/\/www.redgesam.cl\/web\/index.php\/wp-json\/wp\/v2\/posts\/2563\/revisions"}],"wp:featuredmedia":[{"embeddable":true,"href":"https:\/\/www.redgesam.cl\/web\/index.php\/wp-json\/"}],"wp:attachment":[{"href":"https:\/\/www.redgesam.cl\/web\/index.php\/wp-json\/wp\/v2\/media?parent=2563"}],"wp:term":[{"taxonomy":"category","embeddable":true,"href":"https:\/\/www.redgesam.cl\/web\/index.php\/wp-json\/wp\/v2\/categories?post=2563"},{"taxonomy":"post_tag","embeddable":true,"href":"https:\/\/www.redgesam.cl\/web\/index.php\/wp-json\/wp\/v2\/tags?post=2563"}],"curies":[{"name":"wp","href":"https:\/\/api.w.org\/{rel}","templated":true}]}}