{"id":2569,"date":"2016-06-19T16:21:41","date_gmt":"2016-06-19T20:21:41","guid":{"rendered":"http:\/\/www.redgesam.cl\/wp\/?p=2569"},"modified":"2016-06-19T16:21:41","modified_gmt":"2016-06-19T20:21:41","slug":"feliz-dia-del-padre-2","status":"publish","type":"post","link":"https:\/\/www.redgesam.cl\/web\/index.php\/2016\/06\/19\/feliz-dia-del-padre-2\/","title":{"rendered":"FELIZ D\u00cdA DEL PADRE"},"content":{"rendered":"<p>Redgesam env\u00eda un cari\u00f1oso saludo a los pap\u00e1s que forman parte de nuestra Red de Atenci\u00f3n de Salud Mental a lo largo del pa\u00eds y a todos nuestros usuarios que hoy se encuentran celebrando este d\u00eda dedicado a ellos.<br \/>\nMUCH\u00cdSIMAS FELICIDADES<\/p>\n<p><a href=\"http:\/\/www.redgesam.cl\/wp\/wp-content\/uploads\/2016\/06\/FOTO-DIA-DEL-PADRE.jpg\"><img decoding=\"async\" class=\"lazyload aligncenter size-full wp-image-2570\" title=\"FOTO DIA DEL PADRE\" src=\"data:image\/svg+xml,%3Csvg%20xmlns%3D%27http%3A%2F%2Fwww.w3.org%2F2000%2Fsvg%27%20width%3D%27700%27%20height%3D%27469%27%20viewBox%3D%270%200%20700%20469%27%3E%3Crect%20width%3D%27700%27%20height%3D%27469%27%20fill-opacity%3D%220%22%2F%3E%3C%2Fsvg%3E\" data-orig-src=\"http:\/\/www.redgesam.cl\/wp\/wp-content\/uploads\/2016\/06\/FOTO-DIA-DEL-PADRE.jpg\" alt=\"\" width=\"700\" height=\"469\" \/><\/a><\/p>\n","protected":false},"excerpt":{"rendered":"<p>Redgesam env\u00eda un cari\u00f1oso saludo a los pap\u00e1s que forman parte de nuestra Red de Atenci\u00f3n de Salud Mental a lo largo del pa\u00eds y a todos nuestros usuarios que hoy se encuentran celebrando este d\u00eda dedicado a ellos. MUCH\u00cdSIMAS [&hellip;]<\/p>\n","protected":false},"author":1,"featured_media":2571,"comment_status":"closed","ping_status":"closed","sticky":false,"template":"","format":"standard","meta":[],"categories":[17],"tags":[],"_links":{"self":[{"href":"https:\/\/www.redgesam.cl\/web\/index.php\/wp-json\/wp\/v2\/posts\/2569"}],"collection":[{"href":"https:\/\/www.redgesam.cl\/web\/index.php\/wp-json\/wp\/v2\/posts"}],"about":[{"href":"https:\/\/www.redgesam.cl\/web\/index.php\/wp-json\/wp\/v2\/types\/post"}],"author":[{"embeddable":true,"href":"https:\/\/www.redgesam.cl\/web\/index.php\/wp-json\/wp\/v2\/users\/1"}],"replies":[{"embeddable":true,"href":"https:\/\/www.redgesam.cl\/web\/index.php\/wp-json\/wp\/v2\/comments?post=2569"}],"version-history":[{"count":0,"href":"https:\/\/www.redgesam.cl\/web\/index.php\/wp-json\/wp\/v2\/posts\/2569\/revisions"}],"wp:featuredmedia":[{"embeddable":true,"href":"https:\/\/www.redgesam.cl\/web\/index.php\/wp-json\/"}],"wp:attachment":[{"href":"https:\/\/www.redgesam.cl\/web\/index.php\/wp-json\/wp\/v2\/media?parent=2569"}],"wp:term":[{"taxonomy":"category","embeddable":true,"href":"https:\/\/www.redgesam.cl\/web\/index.php\/wp-json\/wp\/v2\/categories?post=2569"},{"taxonomy":"post_tag","embeddable":true,"href":"https:\/\/www.redgesam.cl\/web\/index.php\/wp-json\/wp\/v2\/tags?post=2569"}],"curies":[{"name":"wp","href":"https:\/\/api.w.org\/{rel}","templated":true}]}}