{"id":2588,"date":"2016-07-02T04:23:40","date_gmt":"2016-07-02T08:23:40","guid":{"rendered":"http:\/\/www.redgesam.cl\/wp\/?p=2588"},"modified":"2016-07-02T04:23:40","modified_gmt":"2016-07-02T08:23:40","slug":"2588","status":"publish","type":"post","link":"https:\/\/www.redgesam.cl\/web\/index.php\/2016\/07\/02\/2588\/","title":{"rendered":"Pleno \u00e9xito en el seminario &#8220;10 a\u00f1os de GES-DEPRESI\u00d3N, es tiempo de an\u00e1lisis&#8221;"},"content":{"rendered":"<p><a href=\"http:\/\/www.redgesam.cl\/wp\/wp-content\/uploads\/2016\/07\/DSC00007.jpg\"><img decoding=\"async\" class=\"lazyload alignleft size-thumbnail wp-image-2589\" title=\"DSC00007\" src=\"data:image\/svg+xml,%3Csvg%20xmlns%3D%27http%3A%2F%2Fwww.w3.org%2F2000%2Fsvg%27%20width%3D%27150%27%20height%3D%27150%27%20viewBox%3D%270%200%20150%20150%27%3E%3Crect%20width%3D%27150%27%20height%3D%27150%27%20fill-opacity%3D%220%22%2F%3E%3C%2Fsvg%3E\" data-orig-src=\"http:\/\/www.redgesam.cl\/wp\/wp-content\/uploads\/2016\/07\/DSC00007-150x150.jpg\" alt=\"\" width=\"150\" height=\"150\" \/><\/a>Con pleno \u00e9xito se desarroll\u00f3 el \u201cSeminario 10 A\u00f1os de GES Depresi\u00f3n, tiempo de An\u00e1lisis\u201d organizado por el Grupo Salud Sustentable y la Facultad de Medicina de la Universidad Diego Portales.<\/p>\n<p>En la oportunidad, acad\u00e9micos, psiquiatras y expertos en Salud Mental de todo el pa\u00eds, realizaron un exhaustivo an\u00e1lisis sobre los 10 a\u00f1os de vigencia de GES-Depresi\u00f3n y aportaron su experiencia para debatir sobre logros y carencias del sistema.<\/p>\n<p>\u201cEl gran aporte de la ley GES es que abri\u00f3 las puertas a tratamientos basados en evidencia y seg\u00fan protocolos cl\u00ednicos a un importante n\u00famero de personas que antes no ten\u00eda acceso. Durante estos 10 a\u00f1os m\u00e1s de un mill\u00f3n de personas han sido tratadas en las redes p\u00fablicas o privadas de salud\u201d, dice el Dr. Jorge Ochoa, director comercial de Cetep y Gerente General de Redgesam.<\/p>\n<p>El evento cont\u00f3 con la participaci\u00f3n de destacadas figuras del \u00e1mbito p\u00fablico y privado de salud, as\u00ed como tambi\u00e9n del mundo universitario ligado a temas de Salud Mental, entre ellos: Patricia Mu\u00f1oz, Decana de la Facultad de Medicina de la UDP, Natalia Dembowski, Asesora del Departamento de Salud Mental de MINSAL y Docente de la UDP; Roberto Tegtmeier, investigador del Departamento de Estudios y Desarrollos de la Superintendencia de Salud; Gonzalo Sim\u00f3n, del Departamento de Estudios de la Asociaci\u00f3n de Isapres; Alfredo Pemjean, ex Jefe del Departamento de Salud Mental de MINSAL, docente de la Facultad de Medicina de UDP;\u00a0 Guillermo Vergara, Director M\u00e9dico de Redgesam;\u00a0 Ximena Donoso, Directora M\u00e9dica de la Unidad de Gesti\u00f3n de Hospitalizaciones de Cetep.<\/p>\n<p>Las excelentes presentaciones de los especialistas y acad\u00e9micos; as\u00ed como las conclusiones del foro panel, estar\u00e1n disponible en www.saludsustentable.cl<\/p>\n<p>En la foto, el Dr. Guillermo Vergara, Director M\u00e9dico de Redgesam, durante su presentaci\u00f3n: &#8220;Experiencia de 10 a\u00f1os en la gesti\u00f3n de hospitalizaci\u00f3n y atenci\u00f3n cl\u00ednica de usuarios GES Depresi\u00f3n&#8221;.<\/p>\n<p>&nbsp;<\/p>\n","protected":false},"excerpt":{"rendered":"<p>Con pleno \u00e9xito se desarroll\u00f3 el \u201cSeminario 10 A\u00f1os de GES Depresi\u00f3n, tiempo de An\u00e1lisis\u201d organizado por el Grupo Salud Sustentable y la Facultad de Medicina de la Universidad Diego Portales. En la oportunidad, acad\u00e9micos, psiquiatras y expertos en Salud [&hellip;]<\/p>\n","protected":false},"author":1,"featured_media":2589,"comment_status":"closed","ping_status":"closed","sticky":false,"template":"","format":"standard","meta":[],"categories":[17],"tags":[],"_links":{"self":[{"href":"https:\/\/www.redgesam.cl\/web\/index.php\/wp-json\/wp\/v2\/posts\/2588"}],"collection":[{"href":"https:\/\/www.redgesam.cl\/web\/index.php\/wp-json\/wp\/v2\/posts"}],"about":[{"href":"https:\/\/www.redgesam.cl\/web\/index.php\/wp-json\/wp\/v2\/types\/post"}],"author":[{"embeddable":true,"href":"https:\/\/www.redgesam.cl\/web\/index.php\/wp-json\/wp\/v2\/users\/1"}],"replies":[{"embeddable":true,"href":"https:\/\/www.redgesam.cl\/web\/index.php\/wp-json\/wp\/v2\/comments?post=2588"}],"version-history":[{"count":0,"href":"https:\/\/www.redgesam.cl\/web\/index.php\/wp-json\/wp\/v2\/posts\/2588\/revisions"}],"wp:featuredmedia":[{"embeddable":true,"href":"https:\/\/www.redgesam.cl\/web\/index.php\/wp-json\/"}],"wp:attachment":[{"href":"https:\/\/www.redgesam.cl\/web\/index.php\/wp-json\/wp\/v2\/media?parent=2588"}],"wp:term":[{"taxonomy":"category","embeddable":true,"href":"https:\/\/www.redgesam.cl\/web\/index.php\/wp-json\/wp\/v2\/categories?post=2588"},{"taxonomy":"post_tag","embeddable":true,"href":"https:\/\/www.redgesam.cl\/web\/index.php\/wp-json\/wp\/v2\/tags?post=2588"}],"curies":[{"name":"wp","href":"https:\/\/api.w.org\/{rel}","templated":true}]}}