{"id":2595,"date":"2016-07-08T10:48:36","date_gmt":"2016-07-08T14:48:36","guid":{"rendered":"http:\/\/www.redgesam.cl\/wp\/?p=2595"},"modified":"2016-07-08T10:48:36","modified_gmt":"2016-07-08T14:48:36","slug":"repercuciones-del-seminario-10-anos-del-ges-depresion","status":"publish","type":"post","link":"https:\/\/www.redgesam.cl\/web\/index.php\/2016\/07\/08\/repercuciones-del-seminario-10-anos-del-ges-depresion\/","title":{"rendered":"Repercusiones del seminario &#8220;10 a\u00f1os del GES depresi\u00f3n&#8221;"},"content":{"rendered":"<p><a href=\"http:\/\/www.redgesam.cl\/wp\/wp-content\/uploads\/2016\/07\/foto-JORGE-OCHOA.jpg\"><img decoding=\"async\" class=\"lazyload alignleft size-thumbnail wp-image-2596\" title=\"foto JORGE OCHOA\" src=\"data:image\/svg+xml,%3Csvg%20xmlns%3D%27http%3A%2F%2Fwww.w3.org%2F2000%2Fsvg%27%20width%3D%27150%27%20height%3D%27150%27%20viewBox%3D%270%200%20150%20150%27%3E%3Crect%20width%3D%27150%27%20height%3D%27150%27%20fill-opacity%3D%220%22%2F%3E%3C%2Fsvg%3E\" data-orig-src=\"http:\/\/www.redgesam.cl\/wp\/wp-content\/uploads\/2016\/07\/foto-JORGE-OCHOA-150x150.jpg\" alt=\"\" width=\"150\" height=\"150\" \/><\/a>Aliados estrat\u00e9gicos como la Universidad Diego Portales y\u00a0 el Laboratorio Saval han contribuido a la difusi\u00f3n de lo que fue el Seminario \u201c10 a\u00f1os de Ges Depresi\u00f3n \u00bfCu\u00e1l es el balance?\u201d.<\/p>\n<p>La siguiente es la publicaci\u00f3n realizada por Laboratorio Saval en su portal institucional:<\/p>\n<p>Dentro de la gama de las patolog\u00edas mentales, la depresi\u00f3n es la m\u00e1s com\u00fan en Chile. Se estima que el 17,5 por ciento de la poblaci\u00f3n la padece, adem\u00e1s de ser la responsable del 26 por ciento de las licencias m\u00e9dicas que se emiten al a\u00f1o.<\/p>\n<p>Paralelo a ello, nuestro pa\u00eds lidera el ranking mundial en depresi\u00f3n y es una de las dos naciones, junto con Corea del Sur, en la que la tasa de suicidios de ni\u00f1os y adolescentes aumenta con cada a\u00f1o.<\/p>\n<p>Ante esta realidad, las instituciones pertenecientes a la Red de salud Sustentable: Cetep y Redgesam, en conjunto con la Universidad Diego Portales, se unieron en la organizaci\u00f3n de un seminario que abord\u00f3 y analiz\u00f3 la labor del GES en depresi\u00f3n a diez a\u00f1os desde su lanzamiento.<\/p>\n<p>Liderado por el doctor Jorge Ochoa Mu\u00f1oz, el encuentro revis\u00f3 aspectos sobre inversiones en el sistema p\u00fablico, prestaciones en el servicio privado, la experiencia de 10 a\u00f1os en la atenci\u00f3n ambulatoria, adem\u00e1s de proyecciones y desaf\u00edos futuros.<\/p>\n<p>\u201cNuestra idea es abrir la discusi\u00f3n tanto en el mundo p\u00fablico como privado, y para ello invitamos a diversas autoridades con el prop\u00f3sito de poder generar un an\u00e1lisis en torno a que ha ocurrido en nuestro pa\u00eds en torno a la pol\u00edtica GES. Adem\u00e1s, queremos analizar el impacto que ha tenido, lo que ha ocurrido con los pacientes, la tasa de recuperaci\u00f3n y si acaso hemos logrado cambiar curvas epidemiol\u00f3gicas. En el fondo son varias interrogantes a las que esperamos poder ir dando respuesta\u201d, coment\u00f3 el doctor Ochoa.<\/p>\n<p>Luego el doctor Guillermo Vergara Harris, director de Redgesam, present\u00f3 ante la audiencia la experiencia en atenci\u00f3n ambulatoria para consultas de GES en depresi\u00f3n. \u201cEl lanzamiento de la garant\u00eda explicita en depresi\u00f3n marc\u00f3 un hito completamente importante en el desarrollo de la salud mental chilena. Previo al a\u00f1o 2006, las coberturas y la presencia de las evaluaci\u00f3n en psiquiatr\u00eda eran muy marginales, hoy el GES, por su rol de pol\u00edtica p\u00fablica, universaliza el derecho de las personas a poder recibir otras coberturas de salud, con est\u00e1ndares de calidad y para todas las personas. Todo esto ha tenido un profundo impacto en la forma en c\u00f3mo se realiza la psiquiatr\u00eda en Chile, y Redgesam en resultado de esa pol\u00edtica\u201d, destac\u00f3.<\/p>\n<p>Finalmente, el doctor Roberto TegtmeierScherer cerr\u00f3 el bloque de la ma\u00f1ana analizando las cifras nacionales y su relaci\u00f3n con el reposo m\u00e9dico por depresi\u00f3n. \u201cEs bueno entregar este tipo de informaci\u00f3n, porque generalmente, se comenta sobre los gastos en los que incurren las personas cuando se enferman, pero lo realmente importante es ver qui\u00e9nes son nuestros pacientes, por qu\u00e9 han\u00a0 llegado a la consulta y por qu\u00e9 terminan con licencia, es esencial que entendamos el impacto que tiene esto sobre ellos\u201d, concluy\u00f3.<\/p>\n<p>En la foto, el Dr. Jorge Ochoa, Gerente de Redgesam.<\/p>\n","protected":false},"excerpt":{"rendered":"<p>Aliados estrat\u00e9gicos como la Universidad Diego Portales y\u00a0 el Laboratorio Saval han contribuido a la difusi\u00f3n de lo que fue el Seminario \u201c10 a\u00f1os de Ges Depresi\u00f3n \u00bfCu\u00e1l es el balance?\u201d. La siguiente es la publicaci\u00f3n realizada por Laboratorio Saval [&hellip;]<\/p>\n","protected":false},"author":1,"featured_media":2596,"comment_status":"closed","ping_status":"closed","sticky":false,"template":"","format":"standard","meta":[],"categories":[17],"tags":[],"_links":{"self":[{"href":"https:\/\/www.redgesam.cl\/web\/index.php\/wp-json\/wp\/v2\/posts\/2595"}],"collection":[{"href":"https:\/\/www.redgesam.cl\/web\/index.php\/wp-json\/wp\/v2\/posts"}],"about":[{"href":"https:\/\/www.redgesam.cl\/web\/index.php\/wp-json\/wp\/v2\/types\/post"}],"author":[{"embeddable":true,"href":"https:\/\/www.redgesam.cl\/web\/index.php\/wp-json\/wp\/v2\/users\/1"}],"replies":[{"embeddable":true,"href":"https:\/\/www.redgesam.cl\/web\/index.php\/wp-json\/wp\/v2\/comments?post=2595"}],"version-history":[{"count":0,"href":"https:\/\/www.redgesam.cl\/web\/index.php\/wp-json\/wp\/v2\/posts\/2595\/revisions"}],"wp:featuredmedia":[{"embeddable":true,"href":"https:\/\/www.redgesam.cl\/web\/index.php\/wp-json\/"}],"wp:attachment":[{"href":"https:\/\/www.redgesam.cl\/web\/index.php\/wp-json\/wp\/v2\/media?parent=2595"}],"wp:term":[{"taxonomy":"category","embeddable":true,"href":"https:\/\/www.redgesam.cl\/web\/index.php\/wp-json\/wp\/v2\/categories?post=2595"},{"taxonomy":"post_tag","embeddable":true,"href":"https:\/\/www.redgesam.cl\/web\/index.php\/wp-json\/wp\/v2\/tags?post=2595"}],"curies":[{"name":"wp","href":"https:\/\/api.w.org\/{rel}","templated":true}]}}