{"id":2876,"date":"2017-01-04T19:20:47","date_gmt":"2017-01-04T23:20:47","guid":{"rendered":"http:\/\/www.redgesam.cl\/wp\/?p=2876"},"modified":"2017-01-04T19:20:47","modified_gmt":"2017-01-04T23:20:47","slug":"prevencion-disminuye-riesgo-de-demencia","status":"publish","type":"post","link":"https:\/\/www.redgesam.cl\/web\/index.php\/2017\/01\/04\/prevencion-disminuye-riesgo-de-demencia\/","title":{"rendered":"\u201cPrevenci\u00f3n disminuye riesgo de demencia\u201d"},"content":{"rendered":"<p><a href=\"http:\/\/www.redgesam.cl\/wp\/wp-content\/uploads\/2017\/01\/dra-3.jpg\"><img decoding=\"async\" class=\"lazyload alignleft size-medium wp-image-2877\" title=\"dra 3\" src=\"data:image\/svg+xml,%3Csvg%20xmlns%3D%27http%3A%2F%2Fwww.w3.org%2F2000%2Fsvg%27%20width%3D%27300%27%20height%3D%27225%27%20viewBox%3D%270%200%20300%20225%27%3E%3Crect%20width%3D%27300%27%20height%3D%27225%27%20fill-opacity%3D%220%22%2F%3E%3C%2Fsvg%3E\" data-orig-src=\"http:\/\/www.redgesam.cl\/wp\/wp-content\/uploads\/2017\/01\/dra-3-300x225.jpg\" alt=\"\" width=\"300\" height=\"225\" \/><\/a>En un art\u00edculo publicado por El Mercurio el lunes 02 de enero de 2017, en el cual seis m\u00e9dicos dan su propia visi\u00f3n de los mayores avances registrados en su \u00e1rea, tanto a nivel internacional como nacional, y que revelan sus anhelos para el nuevo a\u00f1o, se destaca tambi\u00e9n que dos estudios internacionales -uno en Estados Unidos y otro en Europa- mostraron que el n\u00famero de nuevos casos de demencia es menor al esperado.<\/p>\n<p>\u201c Esto sugiere que la prevenci\u00f3n contribuye a disminuir el riesgo de demencia&#8221;, subraya la neur\u00f3loga Andrea Slachevsky (en la foto), vicepresidenta de la Corporaci\u00f3n Profesional Alzheimer y otras Demencias (Coprad) y vicedirectora del Centro GERO, de Gerociencia, Salud Mental y Metabolismo\u201d.<\/p>\n<p>En efecto, un nuevo estudio hall\u00f3 que la prevalencia de demencia ha ca\u00eddo considerablemente en los \u00faltimos a\u00f1os, en gran parte como resultado del aumento de los niveles de educaci\u00f3n y la mejor salud card\u00edaca, factores que est\u00e1n directamente relacionados con la salud cerebral.<\/p>\n<p>Las tasas de demencia en las personas mayores de m\u00e1s de 65 a\u00f1os baj\u00f3 de 11,6 por ciento en el 2000 a 8,8 por ciento en el 2012, una baja de 24 por ciento, seg\u00fan un estudio realizado con m\u00e1s de 21.000 personas en todo el pa\u00eds, publicado el lunes 21 de noviembre en la revista JAMA Internal Medicine.<\/p>\n<p>&#8220;Definitivamente es una buena noticia&#8221;, dijo el doctor Kenneth Langa, profesor de medicina interna en la Universidad de Michigan y coautor del nuevo estudio. &#8220;Incluso sin una cura para el Alzheimer o una nueva medicaci\u00f3n, hay cosas que podemos hacer en lo social, en lo m\u00e9dico y en la conducta que pueden reducir significativamente el riesgo&#8221;.<\/p>\n<p>La nueva investigaci\u00f3n confirma los resultados de varios otros estudios que tambi\u00e9n han encontrado disminuciones constantes en las tasas de demencia en los Estados Unidos y en Europa.<\/p>\n<p>Aunque los investigadores no pueden explicar de manera definitiva por qu\u00e9 las tasas de demencia est\u00e1n disminuyendo, Langa dijo que puede ser que los m\u00e9dicos est\u00e9n controlando mejor la presi\u00f3n arterial alta y la diabetes. Ambos son factores de riesgo para la demencia vascular.<\/p>\n<p>&#8220;Hemos estado diciendo desde hace varios a\u00f1os que lo que es bueno para tu coraz\u00f3n es bueno para tu cabeza&#8221;, dicen los especialistas.<\/p>\n<p>Ver los siguientes link:<\/p>\n<p><strong><a href=\"http:\/\/cnnespanol.cnn.com\/2016\/11\/28\/la-tasa-de-demencia-en-adultos-mayores-de-estados-unidos-baja-dramaticamente\/#0\">http:\/\/cnnespanol.cnn.com\/2016\/11\/28\/la-tasa-de-demencia-en-adultos-mayores-de-estados-unidos-baja-dramaticamente\/#0<\/a><\/strong><\/p>\n<p><strong><a href=\"http:\/\/www.nytimes.com\/es\/2016\/07\/16\/un-misterio-medico-de-los-buenos-las-causas-de-muerte-mas-comunes-estan-en-declive\/\">http:\/\/www.nytimes.com\/es\/2016\/07\/16\/un-misterio-medico-de-los-buenos-las-causas-de-muerte-mas-comunes-estan-en-declive\/<\/a><\/strong><\/p>\n<p><strong><a href=\"http:\/\/www.economiaynegocios.cl\/noticias\/noticias.asp?id=323691\">http:\/\/www.economiaynegocios.cl\/noticias\/noticias.asp?id=323691<\/a><\/strong><strong>\u00a0<\/strong><\/p>\n","protected":false},"excerpt":{"rendered":"<p>En un art\u00edculo publicado por El Mercurio el lunes 02 de enero de 2017, en el cual seis m\u00e9dicos dan su propia visi\u00f3n de los mayores avances registrados en su \u00e1rea, tanto a nivel internacional como nacional, y que revelan [&hellip;]<\/p>\n","protected":false},"author":1,"featured_media":2877,"comment_status":"closed","ping_status":"closed","sticky":false,"template":"","format":"standard","meta":[],"categories":[14],"tags":[],"_links":{"self":[{"href":"https:\/\/www.redgesam.cl\/web\/index.php\/wp-json\/wp\/v2\/posts\/2876"}],"collection":[{"href":"https:\/\/www.redgesam.cl\/web\/index.php\/wp-json\/wp\/v2\/posts"}],"about":[{"href":"https:\/\/www.redgesam.cl\/web\/index.php\/wp-json\/wp\/v2\/types\/post"}],"author":[{"embeddable":true,"href":"https:\/\/www.redgesam.cl\/web\/index.php\/wp-json\/wp\/v2\/users\/1"}],"replies":[{"embeddable":true,"href":"https:\/\/www.redgesam.cl\/web\/index.php\/wp-json\/wp\/v2\/comments?post=2876"}],"version-history":[{"count":0,"href":"https:\/\/www.redgesam.cl\/web\/index.php\/wp-json\/wp\/v2\/posts\/2876\/revisions"}],"wp:featuredmedia":[{"embeddable":true,"href":"https:\/\/www.redgesam.cl\/web\/index.php\/wp-json\/"}],"wp:attachment":[{"href":"https:\/\/www.redgesam.cl\/web\/index.php\/wp-json\/wp\/v2\/media?parent=2876"}],"wp:term":[{"taxonomy":"category","embeddable":true,"href":"https:\/\/www.redgesam.cl\/web\/index.php\/wp-json\/wp\/v2\/categories?post=2876"},{"taxonomy":"post_tag","embeddable":true,"href":"https:\/\/www.redgesam.cl\/web\/index.php\/wp-json\/wp\/v2\/tags?post=2876"}],"curies":[{"name":"wp","href":"https:\/\/api.w.org\/{rel}","templated":true}]}}