{"id":2917,"date":"2017-01-24T09:47:23","date_gmt":"2017-01-24T13:47:23","guid":{"rendered":"http:\/\/www.redgesam.cl\/wp\/?p=2917"},"modified":"2017-01-24T09:47:23","modified_gmt":"2017-01-24T13:47:23","slug":"lo-que-compartes-en-redes-sociales-revela-tu-salud-mental","status":"publish","type":"post","link":"https:\/\/www.redgesam.cl\/web\/index.php\/2017\/01\/24\/lo-que-compartes-en-redes-sociales-revela-tu-salud-mental\/","title":{"rendered":"Lo que compartes en redes sociales revela tu Salud Mental"},"content":{"rendered":"<div>\n<p><strong><a href=\"http:\/\/www.redgesam.cl\/wp\/wp-content\/uploads\/2017\/01\/FOTO-REDES-SOCIALES.jpg\"><img decoding=\"async\" class=\"lazyload alignleft size-full wp-image-2918\" title=\"FOTO REDES SOCIALES\" src=\"data:image\/svg+xml,%3Csvg%20xmlns%3D%27http%3A%2F%2Fwww.w3.org%2F2000%2Fsvg%27%20width%3D%27300%27%20height%3D%27300%27%20viewBox%3D%270%200%20300%20300%27%3E%3Crect%20width%3D%27300%27%20height%3D%27300%27%20fill-opacity%3D%220%22%2F%3E%3C%2Fsvg%3E\" data-orig-src=\"http:\/\/www.redgesam.cl\/wp\/wp-content\/uploads\/2017\/01\/FOTO-REDES-SOCIALES.jpg\" alt=\"\" width=\"300\" height=\"300\" \/><\/a>Facebook, Twitter e Instagram<\/strong>, son las redes sociales m\u00e1s utilizadas para compartir fotograf\u00edas o acontecimientos importantes, aunque esto no es lo \u00fanico que se puede descubrir.<\/p>\n<p>La actividad que tengamos en las redes sociales puede revelar nuestro estado de\u00a0<strong>salud mental<\/strong>, por ejemplo, si tenemos depresi\u00f3n, neurosis u otros padecimientos.<\/p>\n<p>De acuerdo a un estudio realizado en Estados Unidos, se puede conocer el estado mental de cualquier individuo con s\u00f3lo ver sus publicaciones.<\/p>\n<\/div>\n<ul>\n<li>Los que m\u00e1s publican cosas sobre sus actividades sociales y cotidianas, son m\u00e1s\u00a0<strong>extrovertidos<\/strong><\/li>\n<li>Quienes comparten cosas sobre su pareja rom\u00e1ntica, tienen\u00a0<strong>baja autoestima<\/strong><\/li>\n<li>Aquellos que buscan atenci\u00f3n y validaci\u00f3n, son\u00a0<strong>neur\u00f3ticos<\/strong><\/li>\n<li>Los que presumen sus logros o elogian sus dietas y rutinas de ejercicios, tienen\u00a0<strong>tendencias narcisistas<\/strong><\/li>\n<li>Quienes publican muchos selfies, generalmente son<strong>\u00a0narcisistas con tendencias psic\u00f3patas<\/strong>. Si la foto est\u00e1 retocada, la persona demuestra que tiene\u00a0<strong>baja autoestima.<\/strong><\/li>\n<\/ul>\n<p><strong>Las redes sociales se convierten en terapia<\/strong><\/p>\n<p>El uso de redes sociales no se limita a compartir acontecimientos que la persona considera importantes, sino que tambi\u00e9n son un lugar d\u00f3nde se puedan gritar los problemas, preocupaciones y aflicciones, convirti\u00e9ndose as\u00ed en una especie de terapia, pero \u00bfesto realmente ayuda?<\/p>\n<p>El\u00a0<strong>Centro de Salud Mental y G\u00e9nero de M\u00e9xico,<\/strong>\u00a0lanz\u00f3 una campa\u00f1a advirtiendo a la poblaci\u00f3n que compartir sus penas\u00a0en Facebook no es una alternativa barata de una terapia psicol\u00f3gica, pues no se compara en lo absoluto con el apoyo de un especialista.<\/p>\n<p>No obstante, publicar este tipo de cosas s\u00ed puede ser de ayuda porque como todo en internet, alguien siempre est\u00e1 mirando.<\/p>\n<p>Por esto, se est\u00e1n llevando a cabo investigaciones que estudian c\u00f3mo las publicaciones de\u00a0<strong>Twitter<\/strong>, pueden ser rastreadas para detectar alarmas en caso, por ejemplo, de intento de suicidio.<\/p>\n<p>Entre los investigadores se encuentra el Instituto<strong>\u00a0\u201cBlack Dog<\/strong>\u201d de Australia, quien utilizando un software, monitore\u00f3 por dos meses los mensajes en Twitter que conten\u00edan ciertas frases o t\u00e9rmino que se consideraban peligrosos.<\/p>\n<p>Con esto, indicaron, se abre la posibilidad de desarrollar programas que identifiquen las llamadas de auxilio e incluso puedan alertar a familiares y amigos.<\/p>\n<p><strong>Falta de uso tambi\u00e9n indica problemas<\/strong><\/p>\n<p>Si bien el constante uso de las redes sociales se considera una se\u00f1al de alerta de un mal estado de salud mental dependiendo del contenido compartido, tambi\u00e9n no usarlas mucho puede revelar alg\u00fan problema.<\/p>\n<p>Una investigaci\u00f3n realizada por\u00a0<strong>Bluetooth<\/strong>, afirma que aquellos j\u00f3venes que dejan de interactuar con sus amigos o se conecten con menos frecuencia, tambi\u00e9n puede ser una se\u00f1al de\u00a0<strong>depresi\u00f3n<\/strong>.<\/p>\n<p>Ahora ya sabes que la pr\u00f3xima vez que vayas a compartir algo en tus cuentas, reflexiona antes porque revelar\u00e1s m\u00e1s cosas de las que crees.<\/p>\n<p>Fuente:<\/p>\n<p><a href=\"http:\/\/sumedico.com\/redes-sociales-revela-salud-mental\/\" target=\"_blank\" rel=\"noopener noreferrer\">http:\/\/sumedico.com\/redes-sociales-revela-salud-mental\/<\/a><\/p>\n","protected":false},"excerpt":{"rendered":"<p>Facebook, Twitter e Instagram, son las redes sociales m\u00e1s utilizadas para compartir fotograf\u00edas o acontecimientos importantes, aunque esto no es lo \u00fanico que se puede descubrir. La actividad que tengamos en las redes sociales puede revelar nuestro estado de\u00a0salud mental, [&hellip;]<\/p>\n","protected":false},"author":1,"featured_media":2918,"comment_status":"closed","ping_status":"closed","sticky":false,"template":"","format":"standard","meta":[],"categories":[14],"tags":[],"_links":{"self":[{"href":"https:\/\/www.redgesam.cl\/web\/index.php\/wp-json\/wp\/v2\/posts\/2917"}],"collection":[{"href":"https:\/\/www.redgesam.cl\/web\/index.php\/wp-json\/wp\/v2\/posts"}],"about":[{"href":"https:\/\/www.redgesam.cl\/web\/index.php\/wp-json\/wp\/v2\/types\/post"}],"author":[{"embeddable":true,"href":"https:\/\/www.redgesam.cl\/web\/index.php\/wp-json\/wp\/v2\/users\/1"}],"replies":[{"embeddable":true,"href":"https:\/\/www.redgesam.cl\/web\/index.php\/wp-json\/wp\/v2\/comments?post=2917"}],"version-history":[{"count":0,"href":"https:\/\/www.redgesam.cl\/web\/index.php\/wp-json\/wp\/v2\/posts\/2917\/revisions"}],"wp:featuredmedia":[{"embeddable":true,"href":"https:\/\/www.redgesam.cl\/web\/index.php\/wp-json\/"}],"wp:attachment":[{"href":"https:\/\/www.redgesam.cl\/web\/index.php\/wp-json\/wp\/v2\/media?parent=2917"}],"wp:term":[{"taxonomy":"category","embeddable":true,"href":"https:\/\/www.redgesam.cl\/web\/index.php\/wp-json\/wp\/v2\/categories?post=2917"},{"taxonomy":"post_tag","embeddable":true,"href":"https:\/\/www.redgesam.cl\/web\/index.php\/wp-json\/wp\/v2\/tags?post=2917"}],"curies":[{"name":"wp","href":"https:\/\/api.w.org\/{rel}","templated":true}]}}