{"id":2929,"date":"2017-02-01T13:51:35","date_gmt":"2017-02-01T17:51:35","guid":{"rendered":"http:\/\/www.redgesam.cl\/wp\/?p=2929"},"modified":"2017-02-01T13:51:35","modified_gmt":"2017-02-01T17:51:35","slug":"jose-luis-diaz-psicologo-clinico-en-redgesam-invisibilidad-de-portadoras-de-vih-en-chile-es-dramatica","status":"publish","type":"post","link":"https:\/\/www.redgesam.cl\/web\/index.php\/2017\/02\/01\/jose-luis-diaz-psicologo-clinico-en-redgesam-invisibilidad-de-portadoras-de-vih-en-chile-es-dramatica\/","title":{"rendered":"Jos\u00e9 Luis D\u00edaz, Psic\u00f3logo Cl\u00ednico en Redgesam: \u201cInvisibilidad de portadoras de VIH en Chile es dram\u00e1tica\u201d"},"content":{"rendered":"<p><a href=\"http:\/\/www.redgesam.cl\/wp\/wp-content\/uploads\/2017\/02\/JOSE-LUIS-FACEBOOK.jpg\"><img decoding=\"async\" class=\"lazyload alignleft size-medium wp-image-2930\" title=\"JOSE LUIS FACEBOOK\" src=\"data:image\/svg+xml,%3Csvg%20xmlns%3D%27http%3A%2F%2Fwww.w3.org%2F2000%2Fsvg%27%20width%3D%27300%27%20height%3D%27236%27%20viewBox%3D%270%200%20300%20236%27%3E%3Crect%20width%3D%27300%27%20height%3D%27236%27%20fill-opacity%3D%220%22%2F%3E%3C%2Fsvg%3E\" data-orig-src=\"http:\/\/www.redgesam.cl\/wp\/wp-content\/uploads\/2017\/02\/JOSE-LUIS-FACEBOOK-300x236.jpg\" alt=\"\" width=\"300\" height=\"236\" \/><\/a>Investigaciones realizadas por diversas organizaciones especializadas, han constatado que las repercusiones en salud mental que sufren las mujeres portadoras de VIH es un factor que agrava las consecuencias que padecen a nivel biol\u00f3gico.<\/p>\n<p>&#8220;La invisibilidad de este segmento de la poblaci\u00f3n femenina es dram\u00e1tica&#8221;, dice Jos\u00e9 Luis D\u00edaz, Psic\u00f3logo Cl\u00ednico en Redgesam y Director de Red de Psic\u00f3logos ONG Ceres.<\/p>\n<p>\u201cSi bien el VIH\/SIDA es parte del GES, el fen\u00f3meno de notificaciones se mantiene en constante crecimiento, lo que conlleva a una saturaci\u00f3n de los centros de atenci\u00f3n. Es notoria la falta de profesionales, horas de atenci\u00f3n, redes de derivaci\u00f3n, entre otros; y lo m\u00e1s preocupante, es que no existen profesionales adecuadamente capacitados en el \u00e1rea de la salud que conozcan la realidad de la poblaci\u00f3n en torno a esta tem\u00e1tica\u201d, agrega.<\/p>\n<p>&#8211; \u00bfQu\u00e9 se necesita para apoyar a estas mujeres?<\/p>\n<p>Chile necesita un cambio en las estrategias de prevenci\u00f3n de VIH, ya que los n\u00fameros y las personas lo corroboran, pidiendo respuestas efectivas frente al VIH\/SIDA. Se requiere mayor innovaci\u00f3n, integraci\u00f3n, pluralismo, autocr\u00edtica, mejor calidad en los procesos, coordinaci\u00f3n entre diferentes actores de la sociedad, pero por sobretodo, mayor apertura y humanizaci\u00f3n en la atenci\u00f3n ofrecida en relaci\u00f3n a un problema social como es la epidemia del VIH en Chile.<\/p>\n<p>&#8211; \u00bfC\u00f3mo ha sido su experiencia en el tratamiento cl\u00ednico de estas pacientes?<\/p>\n<p>He podido observar que muchas mujeres, reci\u00e9n notificadas, traen una carga afectiva m\u00e1s compleja que solo el papel con el diagn\u00f3stico VIH positivo. Depresiones, estr\u00e9s, trastornos ansiosos y distintos s\u00edntomas tanto a nivel personal como relacional, entorpecen y distorsionan las percepciones frente a c\u00f3mo afrontar lo que conlleva el vivir con el virus.<\/p>\n<p>Desde nuestra experiencia en psicolog\u00eda cl\u00ednica, constantemente consultan mujeres reci\u00e9n notificadas, completamente desesperadas, llenas de mitos y prejuicios, mal orientadas y buscando un espacio de contenci\u00f3n, orientaci\u00f3n y escucha.<\/p>\n<p>Santiago es una zona cada vez m\u00e1s afectada. Existen en la Regi\u00f3n Metropolitana comunas con las m\u00e1s altas tasas de notificaciones, encabezadas por Santiago Centro, Providencia, San Miguel y \u00d1u\u00f1oa, dificult\u00e1ndose el abordaje, ya que cada a\u00f1o son menos los recursos para abordar el VIH.<\/p>\n<p>&#8211; \u00bfCu\u00e1les ser\u00edan las medidas a tomar para brindar mayor apoyo a la salud mental de este segmento de la poblaci\u00f3n?<\/p>\n<p>Se debe pensar en pol\u00edticas p\u00fablicas que apunten a una educaci\u00f3n sexual que cruce g\u00e9nero, identidad y conducta sexual, con el fin de disminuir el riesgo de transmisi\u00f3n, que llegue a toda la poblaci\u00f3n, ni\u00f1os, j\u00f3venes, adultos y ancianos, respetando en ellos su ciclos vitales, pero no excluirlos de algo que es tan propio del ser humano como la sexualidad.<\/p>\n<p>Comprender que la pandemia no puede ser exclusivamente atendida desde el modelo biom\u00e9dico y que se deben considerar los factores psicosociales en su prevenci\u00f3n y atenci\u00f3n resulta hoy m\u00e1s importante que nunca, ya que el modelo m\u00e9dico logra dar respuesta para bajar la tasa de muertes a trav\u00e9s de tratamiento medicamentoso (tratamiento Anti-retroviral), no as\u00ed a la \u2018muerte social\u2019 que conlleva el vivir con el VIH y la transmisi\u00f3n del mismo.<\/p>\n<p>&#8211;\u00a0\u00a0\u00a0\u00a0\u00a0 \u00bfEntenderlo como un fen\u00f3meno social?<\/p>\n<p>En las futuras campa\u00f1as no se debe continuar con mensajes parcializados que s\u00f3lo contribuyen a que las personas sigan asociando la prevenci\u00f3n del VIH solamente a la idea del uso del preservativo, desconociendo su propia vulnerabilidad y situando el riesgo en grupos espec\u00edficos. Es importante deshomosexualizar el fen\u00f3meno, ya que otros grupos quedan completamente invisibilizados: mujeres, embarazadas, ni\u00f1os, entre otros.<\/p>\n<p>\u00bfHacia d\u00f3nde dirigir los esfuerzos?<\/p>\n<p>El esfuerzo debe apuntar a conocer a los receptores de la informaci\u00f3n que se quiera entregar y as\u00ed, iniciar un di\u00e1logo que contin\u00fae m\u00e1s all\u00e1 de un eslogan publicitario aislado en el tiempo, que busca la detecci\u00f3n m\u00e1s que la prevenci\u00f3n, entregado por un medio de comunicaci\u00f3n a una masa de personas entendidas como homog\u00e9neas.<\/p>\n<p>Frente a una tem\u00e1tica compleja se requiere entregar no s\u00f3lo informaci\u00f3n estad\u00edstica y t\u00e9cnica, sino tambi\u00e9n vivencias, sentimientos y procesos personales de maduraci\u00f3n.<\/p>\n<p>Esto abre un camino hacia el acercamiento a las comunidades desde personas capacitadas, siendo fundamental capacitar a los trabajadores de la salud y a los profesores de colegios en esta \u00e1rea, ya que hay nula formaci\u00f3n descrita en sus curr\u00edculos acad\u00e9micos.<\/p>\n<p>En resumen, el mensaje masivo s\u00f3lo sirve para introducir a la poblaci\u00f3n al tema y es insuficiente por s\u00ed mismo. Debe ser complementado por un acompa\u00f1amiento cercano desde el trabajo participativo en las diferentes comunidades afectadas por esta epidemia, es decir, todas las personas que forman parte del pa\u00eds.<\/p>\n<p>\u00bfCu\u00e1l deber\u00eda ser el rol de psic\u00f3logo?<\/p>\n<p>Se debe pensar que tanto las campa\u00f1as de comunicaci\u00f3n social, como la promulgaci\u00f3n de la ley 19.779, repercuten no s\u00f3lo en las personas viviendo con VIH, sino en la poblaci\u00f3n general. Es importante entonces, repensar el rol del psic\u00f3logo frente a esta tem\u00e1tica, se debe pasar de un ente evaluador empapado de juicios a un sujeto que acompa\u00f1a y contiene tanto a la persona que vive con el VIH como a las redes primarias de apoyo que sostienen el d\u00eda a d\u00eda.<\/p>\n<p>&nbsp;<\/p>\n","protected":false},"excerpt":{"rendered":"<p>Investigaciones realizadas por diversas organizaciones especializadas, han constatado que las repercusiones en salud mental que sufren las mujeres portadoras de VIH es un factor que agrava las consecuencias que padecen a nivel biol\u00f3gico. &#8220;La invisibilidad de este segmento de la [&hellip;]<\/p>\n","protected":false},"author":1,"featured_media":2930,"comment_status":"closed","ping_status":"closed","sticky":false,"template":"","format":"standard","meta":[],"categories":[14],"tags":[],"_links":{"self":[{"href":"https:\/\/www.redgesam.cl\/web\/index.php\/wp-json\/wp\/v2\/posts\/2929"}],"collection":[{"href":"https:\/\/www.redgesam.cl\/web\/index.php\/wp-json\/wp\/v2\/posts"}],"about":[{"href":"https:\/\/www.redgesam.cl\/web\/index.php\/wp-json\/wp\/v2\/types\/post"}],"author":[{"embeddable":true,"href":"https:\/\/www.redgesam.cl\/web\/index.php\/wp-json\/wp\/v2\/users\/1"}],"replies":[{"embeddable":true,"href":"https:\/\/www.redgesam.cl\/web\/index.php\/wp-json\/wp\/v2\/comments?post=2929"}],"version-history":[{"count":0,"href":"https:\/\/www.redgesam.cl\/web\/index.php\/wp-json\/wp\/v2\/posts\/2929\/revisions"}],"wp:featuredmedia":[{"embeddable":true,"href":"https:\/\/www.redgesam.cl\/web\/index.php\/wp-json\/"}],"wp:attachment":[{"href":"https:\/\/www.redgesam.cl\/web\/index.php\/wp-json\/wp\/v2\/media?parent=2929"}],"wp:term":[{"taxonomy":"category","embeddable":true,"href":"https:\/\/www.redgesam.cl\/web\/index.php\/wp-json\/wp\/v2\/categories?post=2929"},{"taxonomy":"post_tag","embeddable":true,"href":"https:\/\/www.redgesam.cl\/web\/index.php\/wp-json\/wp\/v2\/tags?post=2929"}],"curies":[{"name":"wp","href":"https:\/\/api.w.org\/{rel}","templated":true}]}}