{"id":3093,"date":"2017-05-12T14:02:45","date_gmt":"2017-05-12T18:02:45","guid":{"rendered":"http:\/\/www.redgesam.cl\/wp\/?p=3093"},"modified":"2017-05-12T14:02:45","modified_gmt":"2017-05-12T18:02:45","slug":"dia-internacional-de-las-enfermeras","status":"publish","type":"post","link":"https:\/\/www.redgesam.cl\/web\/index.php\/2017\/05\/12\/dia-internacional-de-las-enfermeras\/","title":{"rendered":"D\u00eda internacional de las enfermeras"},"content":{"rendered":"<p><a href=\"http:\/\/www.redgesam.cl\/wp\/wp-content\/uploads\/2017\/05\/feliz-dia-enfermeria-enfermera-imagen.jpg\"><img decoding=\"async\" class=\"lazyload alignleft size-medium wp-image-3094\" title=\"feliz dia enfermeria enfermera imagen\" src=\"data:image\/svg+xml,%3Csvg%20xmlns%3D%27http%3A%2F%2Fwww.w3.org%2F2000%2Fsvg%27%20width%3D%27300%27%20height%3D%27300%27%20viewBox%3D%270%200%20300%20300%27%3E%3Crect%20width%3D%27300%27%20height%3D%27300%27%20fill-opacity%3D%220%22%2F%3E%3C%2Fsvg%3E\" data-orig-src=\"http:\/\/www.redgesam.cl\/wp\/wp-content\/uploads\/2017\/05\/feliz-dia-enfermeria-enfermera-imagen-300x300.jpg\" alt=\"\" width=\"300\" height=\"300\" \/><\/a>Redgesam saluda con especial afecto a todas las enfermeras y enfermeros que hoy 12 de mayo celebran su D\u00eda Internacional. Como se sabe, la celebraci\u00f3n fue instituida por el Consejo Internacional de Enfermer\u00eda, en conmemoraci\u00f3n del natalicio de Florence Nightingale, considerada pionera de la enfermer\u00eda moderna.<\/p>\n<p>Nacida en la Inglaterra victoriana, Nightingale fund\u00f3 a mediados del siglo XIX la Escuela Oficial de Enfermeras, instituci\u00f3n que introdujo reformas y mejoras en el sistema de salud de ese pa\u00eds que subsisten en nuestros d\u00edas y que se han extendido por todo el mundo.<\/p>\n<p>Ella fue la primera en expresar su convicci\u00f3n de que el conocimiento de la enfermer\u00eda, y no s\u00f3lo su pr\u00e1ctica, era intr\u00ednsecamente distinto del de la ciencia m\u00e9dica. Desde entonces, los profesionales de la enfermer\u00eda han logrado modificar su competencia y desempe\u00f1o gracias al incremento de sus conocimientos te\u00f3ricos.<\/p>\n<p>Los hombres y mujeres que se dedican a la enfermer\u00eda brindan contenci\u00f3n, acompa\u00f1amiento y apoyo a quienes transitan las dolorosas instancias de una enfermedad.<\/p>\n<p><strong>Para ellas y ellos, \u00a1Feliz d\u00eda!<\/strong><\/p>\n<p>&nbsp;<\/p>\n","protected":false},"excerpt":{"rendered":"<p>Redgesam saluda con especial afecto a todas las enfermeras y enfermeros que hoy 12 de mayo celebran su D\u00eda Internacional. Como se sabe, la celebraci\u00f3n fue instituida por el Consejo Internacional de Enfermer\u00eda, en conmemoraci\u00f3n del natalicio de Florence Nightingale, [&hellip;]<\/p>\n","protected":false},"author":1,"featured_media":3094,"comment_status":"closed","ping_status":"closed","sticky":false,"template":"","format":"standard","meta":[],"categories":[14],"tags":[],"_links":{"self":[{"href":"https:\/\/www.redgesam.cl\/web\/index.php\/wp-json\/wp\/v2\/posts\/3093"}],"collection":[{"href":"https:\/\/www.redgesam.cl\/web\/index.php\/wp-json\/wp\/v2\/posts"}],"about":[{"href":"https:\/\/www.redgesam.cl\/web\/index.php\/wp-json\/wp\/v2\/types\/post"}],"author":[{"embeddable":true,"href":"https:\/\/www.redgesam.cl\/web\/index.php\/wp-json\/wp\/v2\/users\/1"}],"replies":[{"embeddable":true,"href":"https:\/\/www.redgesam.cl\/web\/index.php\/wp-json\/wp\/v2\/comments?post=3093"}],"version-history":[{"count":0,"href":"https:\/\/www.redgesam.cl\/web\/index.php\/wp-json\/wp\/v2\/posts\/3093\/revisions"}],"wp:featuredmedia":[{"embeddable":true,"href":"https:\/\/www.redgesam.cl\/web\/index.php\/wp-json\/"}],"wp:attachment":[{"href":"https:\/\/www.redgesam.cl\/web\/index.php\/wp-json\/wp\/v2\/media?parent=3093"}],"wp:term":[{"taxonomy":"category","embeddable":true,"href":"https:\/\/www.redgesam.cl\/web\/index.php\/wp-json\/wp\/v2\/categories?post=3093"},{"taxonomy":"post_tag","embeddable":true,"href":"https:\/\/www.redgesam.cl\/web\/index.php\/wp-json\/wp\/v2\/tags?post=3093"}],"curies":[{"name":"wp","href":"https:\/\/api.w.org\/{rel}","templated":true}]}}