{"id":5354,"date":"2021-12-20T11:15:36","date_gmt":"2021-12-20T14:15:36","guid":{"rendered":"https:\/\/www.redgesam.cl\/web\/?p=5354"},"modified":"2022-01-04T08:23:22","modified_gmt":"2022-01-04T11:23:22","slug":"como-vivir-el-duelo-en-pandemia","status":"publish","type":"post","link":"https:\/\/www.redgesam.cl\/web\/index.php\/2021\/12\/20\/como-vivir-el-duelo-en-pandemia\/","title":{"rendered":"C\u00f3mo vivir el duelo en pandemia"},"content":{"rendered":"<div class=\"kvgmc6g5 cxmmr5t8 oygrvhab hcukyx3x c1et5uql ii04i59q\">\n<div dir=\"auto\"><a href=\"https:\/\/www.redgesam.cl\/web\/index.php\/2021\/12\/20\/como-vivir-el-duelo-en-pandemia\/duelo-en-pandemia\/\" rel=\"attachment wp-att-5355\"><img decoding=\"async\" class=\"lazyload alignleft size-medium wp-image-5355\" src=\"https:\/\/www.redgesam.cl\/web\/wp-content\/uploads\/2022\/01\/Duelo-en-pandemia-300x169.png\" data-orig-src=\"https:\/\/www.redgesam.cl\/web\/wp-content\/uploads\/2022\/01\/Duelo-en-pandemia-300x169.png\" alt=\"C\u00f3mo vivir el duelo en pandemia\" width=\"300\" height=\"169\" srcset=\"data:image\/svg+xml,%3Csvg%20xmlns%3D%27http%3A%2F%2Fwww.w3.org%2F2000%2Fsvg%27%20width%3D%27300%27%20height%3D%27169%27%20viewBox%3D%270%200%20300%20169%27%3E%3Crect%20width%3D%27300%27%20height%3D%27169%27%20fill-opacity%3D%220%22%2F%3E%3C%2Fsvg%3E\" data-srcset=\"https:\/\/www.redgesam.cl\/web\/wp-content\/uploads\/2022\/01\/Duelo-en-pandemia-200x113.png 200w, https:\/\/www.redgesam.cl\/web\/wp-content\/uploads\/2022\/01\/Duelo-en-pandemia-300x169.png 300w, https:\/\/www.redgesam.cl\/web\/wp-content\/uploads\/2022\/01\/Duelo-en-pandemia-400x225.png 400w, https:\/\/www.redgesam.cl\/web\/wp-content\/uploads\/2022\/01\/Duelo-en-pandemia-600x338.png 600w, https:\/\/www.redgesam.cl\/web\/wp-content\/uploads\/2022\/01\/Duelo-en-pandemia-768x432.png 768w, https:\/\/www.redgesam.cl\/web\/wp-content\/uploads\/2022\/01\/Duelo-en-pandemia-800x450.png 800w, https:\/\/www.redgesam.cl\/web\/wp-content\/uploads\/2022\/01\/Duelo-en-pandemia-1024x576.png 1024w, https:\/\/www.redgesam.cl\/web\/wp-content\/uploads\/2022\/01\/Duelo-en-pandemia-1200x675.png 1200w, https:\/\/www.redgesam.cl\/web\/wp-content\/uploads\/2022\/01\/Duelo-en-pandemia-1536x864.png 1536w, https:\/\/www.redgesam.cl\/web\/wp-content\/uploads\/2022\/01\/Duelo-en-pandemia.png 1920w\" data-sizes=\"auto\" data-orig-sizes=\"(max-width: 300px) 100vw, 300px\" \/><\/a>El COVID ha cambiado la manera en la que vivimos y tambi\u00e9n en c\u00f3mo despedimos a quienes han fallecido en estos tiempos.<\/div>\n<div dir=\"auto\"><\/div>\n<div dir=\"auto\">Son 50 mil las personas fallecidas por COVID en Chile hasta ahora.<\/p>\n<p>Enfrentar un duelo siempre es complejo, y puede ser m\u00e1s dif\u00edcil cuando no se ha podido despedir a aquellos\/as que partieron.<\/p><\/div>\n<div dir=\"auto\"><\/div>\n<div dir=\"auto\">\u00bfC\u00f3mo apoyar a ni\u00f1as y ni\u00f1os en un duelo?<\/div>\n<div dir=\"auto\"><\/div>\n<div dir=\"auto\">\u00bfC\u00f3mo incorporar nuevos ritos para transitar un duelo? <span class=\"pq6dq46d tbxw36s4 knj5qynh kvgmc6g5 ditlmg2l oygrvhab nvdbi5me sf5mxxl7 gl3lb2sf hhz5lgdu\"><img class=\"lazyload\" decoding=\"async\" src=\"data:image\/svg+xml,%3Csvg%20xmlns%3D%27http%3A%2F%2Fwww.w3.org%2F2000%2Fsvg%27%20width%3D%2716%27%20height%3D%2716%27%20viewBox%3D%270%200%2016%2016%27%3E%3Crect%20width%3D%2716%27%20height%3D%2716%27%20fill-opacity%3D%220%22%2F%3E%3C%2Fsvg%3E\" data-orig-src=\"https:\/\/static.xx.fbcdn.net\/images\/emoji.php\/v9\/tca\/1.5\/16\/1f614.png\" alt=\"?\" width=\"16\" height=\"16\" \/><\/span><span class=\"pq6dq46d tbxw36s4 knj5qynh kvgmc6g5 ditlmg2l oygrvhab nvdbi5me sf5mxxl7 gl3lb2sf hhz5lgdu\"><img class=\"lazyload\" decoding=\"async\" src=\"data:image\/svg+xml,%3Csvg%20xmlns%3D%27http%3A%2F%2Fwww.w3.org%2F2000%2Fsvg%27%20width%3D%2716%27%20height%3D%2716%27%20viewBox%3D%270%200%2016%2016%27%3E%3Crect%20width%3D%2716%27%20height%3D%2716%27%20fill-opacity%3D%220%22%2F%3E%3C%2Fsvg%3E\" data-orig-src=\"https:\/\/static.xx.fbcdn.net\/images\/emoji.php\/v9\/td6\/1.5\/16\/1f56f.png\" alt=\"?\" width=\"16\" height=\"16\" \/><\/span><span class=\"pq6dq46d tbxw36s4 knj5qynh kvgmc6g5 ditlmg2l oygrvhab nvdbi5me sf5mxxl7 gl3lb2sf hhz5lgdu\"><img class=\"lazyload\" decoding=\"async\" src=\"data:image\/svg+xml,%3Csvg%20xmlns%3D%27http%3A%2F%2Fwww.w3.org%2F2000%2Fsvg%27%20width%3D%2716%27%20height%3D%2716%27%20viewBox%3D%270%200%2016%2016%27%3E%3Crect%20width%3D%2716%27%20height%3D%2716%27%20fill-opacity%3D%220%22%2F%3E%3C%2Fsvg%3E\" data-orig-src=\"https:\/\/static.xx.fbcdn.net\/images\/emoji.php\/v9\/t1e\/1.5\/16\/1f90d.png\" alt=\"?\" width=\"16\" height=\"16\" \/><\/span><span class=\"pq6dq46d tbxw36s4 knj5qynh kvgmc6g5 ditlmg2l oygrvhab nvdbi5me sf5mxxl7 gl3lb2sf hhz5lgdu\"><img class=\"lazyload\" decoding=\"async\" src=\"data:image\/svg+xml,%3Csvg%20xmlns%3D%27http%3A%2F%2Fwww.w3.org%2F2000%2Fsvg%27%20width%3D%2716%27%20height%3D%2716%27%20viewBox%3D%270%200%2016%2016%27%3E%3Crect%20width%3D%2716%27%20height%3D%2716%27%20fill-opacity%3D%220%22%2F%3E%3C%2Fsvg%3E\" data-orig-src=\"https:\/\/static.xx.fbcdn.net\/images\/emoji.php\/v9\/t59\/1.5\/16\/1f5a4.png\" alt=\"?\" width=\"16\" height=\"16\" \/><\/span><\/div>\n<div dir=\"auto\"><\/div>\n<div dir=\"auto\">Compartimos este video del Instituto Milenio para la Investigaci\u00f3n en Depresi\u00f3n y Personalidad realizado por Guillo.<\/div>\n<div dir=\"auto\"><\/div>\n<\/div>\n<div class=\"cxmmr5t8 oygrvhab hcukyx3x c1et5uql o9v6fnle ii04i59q\">\n<div dir=\"auto\"><a class=\"oajrlxb2 g5ia77u1 qu0x051f esr5mh6w e9989ue4 r7d6kgcz rq0escxv nhd2j8a9 nc684nl6 p7hjln8o kvgmc6g5 cxmmr5t8 oygrvhab hcukyx3x jb3vyjys rz4wbd8a qt6c0cv9 a8nywdso i1ao9s8h esuyzwwr f1sip0of lzcic4wl gpro0wi8 py34i1dx\" role=\"link\" href=\"https:\/\/youtu.be\/F32vs2-l1vY?fbclid=IwAR21gcKTMPlR7Kkv_MNLZSR1NXINykWLE3n9WeIyxcYsaWNJAaoYldDvsiI\" target=\"_blank\" rel=\"nofollow noopener\">https:\/\/youtu.be\/F32vs2-l1vY<\/a><\/div>\n<\/div>\n<div class=\"cxmmr5t8 oygrvhab hcukyx3x c1et5uql o9v6fnle ii04i59q\">\n<div dir=\"auto\"><\/div>\n<\/div>\n","protected":false},"excerpt":{"rendered":"<p>El COVID ha cambiado la manera en la que vivimos y tambi\u00e9n en c\u00f3mo despedimos a quienes han fallecido en estos tiempos. Son 50 mil las personas fallecidas por COVID en Chile hasta ahora. Enfrentar un duelo siempre es complejo, [&hellip;]<\/p>\n","protected":false},"author":5,"featured_media":5355,"comment_status":"open","ping_status":"open","sticky":false,"template":"","format":"standard","meta":[],"categories":[17,13,14],"tags":[175,174,176,99],"_links":{"self":[{"href":"https:\/\/www.redgesam.cl\/web\/index.php\/wp-json\/wp\/v2\/posts\/5354"}],"collection":[{"href":"https:\/\/www.redgesam.cl\/web\/index.php\/wp-json\/wp\/v2\/posts"}],"about":[{"href":"https:\/\/www.redgesam.cl\/web\/index.php\/wp-json\/wp\/v2\/types\/post"}],"author":[{"embeddable":true,"href":"https:\/\/www.redgesam.cl\/web\/index.php\/wp-json\/wp\/v2\/users\/5"}],"replies":[{"embeddable":true,"href":"https:\/\/www.redgesam.cl\/web\/index.php\/wp-json\/wp\/v2\/comments?post=5354"}],"version-history":[{"count":2,"href":"https:\/\/www.redgesam.cl\/web\/index.php\/wp-json\/wp\/v2\/posts\/5354\/revisions"}],"predecessor-version":[{"id":5357,"href":"https:\/\/www.redgesam.cl\/web\/index.php\/wp-json\/wp\/v2\/posts\/5354\/revisions\/5357"}],"wp:featuredmedia":[{"embeddable":true,"href":"https:\/\/www.redgesam.cl\/web\/index.php\/wp-json\/wp\/v2\/media\/5355"}],"wp:attachment":[{"href":"https:\/\/www.redgesam.cl\/web\/index.php\/wp-json\/wp\/v2\/media?parent=5354"}],"wp:term":[{"taxonomy":"category","embeddable":true,"href":"https:\/\/www.redgesam.cl\/web\/index.php\/wp-json\/wp\/v2\/categories?post=5354"},{"taxonomy":"post_tag","embeddable":true,"href":"https:\/\/www.redgesam.cl\/web\/index.php\/wp-json\/wp\/v2\/tags?post=5354"}],"curies":[{"name":"wp","href":"https:\/\/api.w.org\/{rel}","templated":true}]}}