{"id":5388,"date":"2021-11-17T11:27:16","date_gmt":"2021-11-17T14:27:16","guid":{"rendered":"https:\/\/www.redgesam.cl\/web\/?p=5388"},"modified":"2022-01-04T09:34:48","modified_gmt":"2022-01-04T12:34:48","slug":"todo-sobre-la-depresion-lo-que-puedes-hacer","status":"publish","type":"post","link":"https:\/\/www.redgesam.cl\/web\/index.php\/2021\/11\/17\/todo-sobre-la-depresion-lo-que-puedes-hacer\/","title":{"rendered":"Todo sobre la depresi\u00f3n, lo que puedes hacer"},"content":{"rendered":"<div class=\"kvgmc6g5 cxmmr5t8 oygrvhab hcukyx3x c1et5uql ii04i59q\">\n<div dir=\"auto\">Ya sabes que la depresi\u00f3n es una enfermedad mental com\u00fan que le puede ocurrir a cualquier persona, sin importar su edad, g\u00e9nero ni condici\u00f3n social, f\u00edsica o econ\u00f3mica y no es signo de debilidad contar que la sufres.<\/div>\n<div dir=\"auto\"><\/div>\n<\/div>\n<div class=\"cxmmr5t8 oygrvhab hcukyx3x c1et5uql o9v6fnle ii04i59q\">\n<div dir=\"auto\">Aqu\u00ed te damos algunos consejos sobre qu\u00e9 puedes hacer si la padeces:<\/div>\n<\/div>\n<div dir=\"auto\">\n<p><strong>Recuerda: <\/strong>Con el apoyo adecuado, puedes recuperarte, as\u00ed que si crees que puedes estar deprimid@ pide ayuda.<\/p>\n<p>Si lo requieres para ti o para otra persona, pide una hora con alguno de nuestros especialistas: <a href=\"mailto:contacto@redgesam.cl\">contacto@redgesam.cl<\/a><\/p>\n<p><a href=\"https:\/\/www.redgesam.cl\/web\/index.php\/2021\/11\/17\/todo-sobre-la-depresion-lo-que-puedes-hacer\/todo-sobre-la-depresion-hacer-2\/\" rel=\"attachment wp-att-5390\"><img decoding=\"async\" class=\"lazyload alignleft size-medium wp-image-5390\" src=\"https:\/\/www.redgesam.cl\/web\/wp-content\/uploads\/2022\/01\/Todo-sobre-la-depresion-hacer-2-300x300.png\" data-orig-src=\"https:\/\/www.redgesam.cl\/web\/wp-content\/uploads\/2022\/01\/Todo-sobre-la-depresion-hacer-2-300x300.png\" alt=\"\" width=\"300\" height=\"300\" srcset=\"data:image\/svg+xml,%3Csvg%20xmlns%3D%27http%3A%2F%2Fwww.w3.org%2F2000%2Fsvg%27%20width%3D%27300%27%20height%3D%27300%27%20viewBox%3D%270%200%20300%20300%27%3E%3Crect%20width%3D%27300%27%20height%3D%27300%27%20fill-opacity%3D%220%22%2F%3E%3C%2Fsvg%3E\" data-srcset=\"https:\/\/www.redgesam.cl\/web\/wp-content\/uploads\/2022\/01\/Todo-sobre-la-depresion-hacer-2-66x66.png 66w, https:\/\/www.redgesam.cl\/web\/wp-content\/uploads\/2022\/01\/Todo-sobre-la-depresion-hacer-2-150x150.png 150w, https:\/\/www.redgesam.cl\/web\/wp-content\/uploads\/2022\/01\/Todo-sobre-la-depresion-hacer-2-200x200.png 200w, https:\/\/www.redgesam.cl\/web\/wp-content\/uploads\/2022\/01\/Todo-sobre-la-depresion-hacer-2-300x300.png 300w, https:\/\/www.redgesam.cl\/web\/wp-content\/uploads\/2022\/01\/Todo-sobre-la-depresion-hacer-2-400x400.png 400w, https:\/\/www.redgesam.cl\/web\/wp-content\/uploads\/2022\/01\/Todo-sobre-la-depresion-hacer-2-600x600.png 600w, https:\/\/www.redgesam.cl\/web\/wp-content\/uploads\/2022\/01\/Todo-sobre-la-depresion-hacer-2-768x768.png 768w, https:\/\/www.redgesam.cl\/web\/wp-content\/uploads\/2022\/01\/Todo-sobre-la-depresion-hacer-2-800x800.png 800w, https:\/\/www.redgesam.cl\/web\/wp-content\/uploads\/2022\/01\/Todo-sobre-la-depresion-hacer-2-1024x1024.png 1024w, https:\/\/www.redgesam.cl\/web\/wp-content\/uploads\/2022\/01\/Todo-sobre-la-depresion-hacer-2.png 1080w\" data-sizes=\"auto\" data-orig-sizes=\"(max-width: 300px) 100vw, 300px\" \/><\/a> <a href=\"https:\/\/www.redgesam.cl\/web\/index.php\/2021\/11\/17\/todo-sobre-la-depresion-lo-que-puedes-hacer\/todo-sobre-la-depresion-hacer-3\/\" rel=\"attachment wp-att-5391\"><img decoding=\"async\" class=\"lazyload alignleft size-medium wp-image-5391\" src=\"https:\/\/www.redgesam.cl\/web\/wp-content\/uploads\/2022\/01\/Todo-sobre-la-depresion-hacer-3-300x300.png\" data-orig-src=\"https:\/\/www.redgesam.cl\/web\/wp-content\/uploads\/2022\/01\/Todo-sobre-la-depresion-hacer-3-300x300.png\" alt=\"\" width=\"300\" height=\"300\" srcset=\"data:image\/svg+xml,%3Csvg%20xmlns%3D%27http%3A%2F%2Fwww.w3.org%2F2000%2Fsvg%27%20width%3D%27300%27%20height%3D%27300%27%20viewBox%3D%270%200%20300%20300%27%3E%3Crect%20width%3D%27300%27%20height%3D%27300%27%20fill-opacity%3D%220%22%2F%3E%3C%2Fsvg%3E\" data-srcset=\"https:\/\/www.redgesam.cl\/web\/wp-content\/uploads\/2022\/01\/Todo-sobre-la-depresion-hacer-3-66x66.png 66w, https:\/\/www.redgesam.cl\/web\/wp-content\/uploads\/2022\/01\/Todo-sobre-la-depresion-hacer-3-150x150.png 150w, https:\/\/www.redgesam.cl\/web\/wp-content\/uploads\/2022\/01\/Todo-sobre-la-depresion-hacer-3-200x200.png 200w, https:\/\/www.redgesam.cl\/web\/wp-content\/uploads\/2022\/01\/Todo-sobre-la-depresion-hacer-3-300x300.png 300w, https:\/\/www.redgesam.cl\/web\/wp-content\/uploads\/2022\/01\/Todo-sobre-la-depresion-hacer-3-400x400.png 400w, https:\/\/www.redgesam.cl\/web\/wp-content\/uploads\/2022\/01\/Todo-sobre-la-depresion-hacer-3-600x600.png 600w, https:\/\/www.redgesam.cl\/web\/wp-content\/uploads\/2022\/01\/Todo-sobre-la-depresion-hacer-3-768x768.png 768w, https:\/\/www.redgesam.cl\/web\/wp-content\/uploads\/2022\/01\/Todo-sobre-la-depresion-hacer-3-800x800.png 800w, https:\/\/www.redgesam.cl\/web\/wp-content\/uploads\/2022\/01\/Todo-sobre-la-depresion-hacer-3-1024x1024.png 1024w, https:\/\/www.redgesam.cl\/web\/wp-content\/uploads\/2022\/01\/Todo-sobre-la-depresion-hacer-3.png 1080w\" data-sizes=\"auto\" data-orig-sizes=\"(max-width: 300px) 100vw, 300px\" \/><\/a> <a href=\"https:\/\/www.redgesam.cl\/web\/index.php\/2021\/11\/17\/todo-sobre-la-depresion-lo-que-puedes-hacer\/todo-sobre-la-depresion-hacer-4\/\" rel=\"attachment wp-att-5392\"><img decoding=\"async\" class=\"lazyload alignleft size-medium wp-image-5392\" src=\"https:\/\/www.redgesam.cl\/web\/wp-content\/uploads\/2022\/01\/Todo-sobre-la-depresion-hacer-4-300x300.png\" data-orig-src=\"https:\/\/www.redgesam.cl\/web\/wp-content\/uploads\/2022\/01\/Todo-sobre-la-depresion-hacer-4-300x300.png\" alt=\"\" width=\"300\" height=\"300\" srcset=\"data:image\/svg+xml,%3Csvg%20xmlns%3D%27http%3A%2F%2Fwww.w3.org%2F2000%2Fsvg%27%20width%3D%27300%27%20height%3D%27300%27%20viewBox%3D%270%200%20300%20300%27%3E%3Crect%20width%3D%27300%27%20height%3D%27300%27%20fill-opacity%3D%220%22%2F%3E%3C%2Fsvg%3E\" data-srcset=\"https:\/\/www.redgesam.cl\/web\/wp-content\/uploads\/2022\/01\/Todo-sobre-la-depresion-hacer-4-66x66.png 66w, https:\/\/www.redgesam.cl\/web\/wp-content\/uploads\/2022\/01\/Todo-sobre-la-depresion-hacer-4-150x150.png 150w, https:\/\/www.redgesam.cl\/web\/wp-content\/uploads\/2022\/01\/Todo-sobre-la-depresion-hacer-4-200x200.png 200w, https:\/\/www.redgesam.cl\/web\/wp-content\/uploads\/2022\/01\/Todo-sobre-la-depresion-hacer-4-300x300.png 300w, https:\/\/www.redgesam.cl\/web\/wp-content\/uploads\/2022\/01\/Todo-sobre-la-depresion-hacer-4-400x400.png 400w, https:\/\/www.redgesam.cl\/web\/wp-content\/uploads\/2022\/01\/Todo-sobre-la-depresion-hacer-4-600x600.png 600w, https:\/\/www.redgesam.cl\/web\/wp-content\/uploads\/2022\/01\/Todo-sobre-la-depresion-hacer-4-768x768.png 768w, https:\/\/www.redgesam.cl\/web\/wp-content\/uploads\/2022\/01\/Todo-sobre-la-depresion-hacer-4-800x800.png 800w, https:\/\/www.redgesam.cl\/web\/wp-content\/uploads\/2022\/01\/Todo-sobre-la-depresion-hacer-4-1024x1024.png 1024w, https:\/\/www.redgesam.cl\/web\/wp-content\/uploads\/2022\/01\/Todo-sobre-la-depresion-hacer-4.png 1080w\" data-sizes=\"auto\" data-orig-sizes=\"(max-width: 300px) 100vw, 300px\" \/><\/a> <a href=\"https:\/\/www.redgesam.cl\/web\/index.php\/2021\/11\/17\/todo-sobre-la-depresion-lo-que-puedes-hacer\/todo-sobre-la-depresion-hacer-5\/\" rel=\"attachment wp-att-5393\"><img decoding=\"async\" class=\"lazyload alignleft size-medium wp-image-5393\" src=\"https:\/\/www.redgesam.cl\/web\/wp-content\/uploads\/2022\/01\/Todo-sobre-la-depresion-hacer-5-300x300.png\" data-orig-src=\"https:\/\/www.redgesam.cl\/web\/wp-content\/uploads\/2022\/01\/Todo-sobre-la-depresion-hacer-5-300x300.png\" alt=\"\" width=\"300\" height=\"300\" srcset=\"data:image\/svg+xml,%3Csvg%20xmlns%3D%27http%3A%2F%2Fwww.w3.org%2F2000%2Fsvg%27%20width%3D%27300%27%20height%3D%27300%27%20viewBox%3D%270%200%20300%20300%27%3E%3Crect%20width%3D%27300%27%20height%3D%27300%27%20fill-opacity%3D%220%22%2F%3E%3C%2Fsvg%3E\" data-srcset=\"https:\/\/www.redgesam.cl\/web\/wp-content\/uploads\/2022\/01\/Todo-sobre-la-depresion-hacer-5-66x66.png 66w, https:\/\/www.redgesam.cl\/web\/wp-content\/uploads\/2022\/01\/Todo-sobre-la-depresion-hacer-5-150x150.png 150w, https:\/\/www.redgesam.cl\/web\/wp-content\/uploads\/2022\/01\/Todo-sobre-la-depresion-hacer-5-200x200.png 200w, https:\/\/www.redgesam.cl\/web\/wp-content\/uploads\/2022\/01\/Todo-sobre-la-depresion-hacer-5-300x300.png 300w, https:\/\/www.redgesam.cl\/web\/wp-content\/uploads\/2022\/01\/Todo-sobre-la-depresion-hacer-5-400x400.png 400w, https:\/\/www.redgesam.cl\/web\/wp-content\/uploads\/2022\/01\/Todo-sobre-la-depresion-hacer-5-600x600.png 600w, https:\/\/www.redgesam.cl\/web\/wp-content\/uploads\/2022\/01\/Todo-sobre-la-depresion-hacer-5-768x768.png 768w, https:\/\/www.redgesam.cl\/web\/wp-content\/uploads\/2022\/01\/Todo-sobre-la-depresion-hacer-5-800x800.png 800w, https:\/\/www.redgesam.cl\/web\/wp-content\/uploads\/2022\/01\/Todo-sobre-la-depresion-hacer-5-1024x1024.png 1024w, https:\/\/www.redgesam.cl\/web\/wp-content\/uploads\/2022\/01\/Todo-sobre-la-depresion-hacer-5.png 1080w\" data-sizes=\"auto\" data-orig-sizes=\"(max-width: 300px) 100vw, 300px\" \/><\/a> <a href=\"https:\/\/www.redgesam.cl\/web\/index.php\/2021\/11\/17\/todo-sobre-la-depresion-lo-que-puedes-hacer\/todo-sobre-la-depresion-hacer-6\/\" rel=\"attachment wp-att-5394\"><img decoding=\"async\" class=\"lazyload alignleft size-medium wp-image-5394\" src=\"https:\/\/www.redgesam.cl\/web\/wp-content\/uploads\/2022\/01\/Todo-sobre-la-depresion-hacer-6-300x300.png\" data-orig-src=\"https:\/\/www.redgesam.cl\/web\/wp-content\/uploads\/2022\/01\/Todo-sobre-la-depresion-hacer-6-300x300.png\" alt=\"\" width=\"300\" height=\"300\" srcset=\"data:image\/svg+xml,%3Csvg%20xmlns%3D%27http%3A%2F%2Fwww.w3.org%2F2000%2Fsvg%27%20width%3D%27300%27%20height%3D%27300%27%20viewBox%3D%270%200%20300%20300%27%3E%3Crect%20width%3D%27300%27%20height%3D%27300%27%20fill-opacity%3D%220%22%2F%3E%3C%2Fsvg%3E\" data-srcset=\"https:\/\/www.redgesam.cl\/web\/wp-content\/uploads\/2022\/01\/Todo-sobre-la-depresion-hacer-6-66x66.png 66w, https:\/\/www.redgesam.cl\/web\/wp-content\/uploads\/2022\/01\/Todo-sobre-la-depresion-hacer-6-150x150.png 150w, https:\/\/www.redgesam.cl\/web\/wp-content\/uploads\/2022\/01\/Todo-sobre-la-depresion-hacer-6-200x200.png 200w, https:\/\/www.redgesam.cl\/web\/wp-content\/uploads\/2022\/01\/Todo-sobre-la-depresion-hacer-6-300x300.png 300w, https:\/\/www.redgesam.cl\/web\/wp-content\/uploads\/2022\/01\/Todo-sobre-la-depresion-hacer-6-400x400.png 400w, https:\/\/www.redgesam.cl\/web\/wp-content\/uploads\/2022\/01\/Todo-sobre-la-depresion-hacer-6-600x600.png 600w, https:\/\/www.redgesam.cl\/web\/wp-content\/uploads\/2022\/01\/Todo-sobre-la-depresion-hacer-6-768x768.png 768w, https:\/\/www.redgesam.cl\/web\/wp-content\/uploads\/2022\/01\/Todo-sobre-la-depresion-hacer-6-800x800.png 800w, https:\/\/www.redgesam.cl\/web\/wp-content\/uploads\/2022\/01\/Todo-sobre-la-depresion-hacer-6-1024x1024.png 1024w, https:\/\/www.redgesam.cl\/web\/wp-content\/uploads\/2022\/01\/Todo-sobre-la-depresion-hacer-6.png 1080w\" data-sizes=\"auto\" data-orig-sizes=\"(max-width: 300px) 100vw, 300px\" \/><\/a><\/p>\n<p><strong>Fuente:<\/strong> Organizaci\u00f3n Mundial de la Salud (OMS).<\/p>\n<p>&nbsp;<\/p>\n<\/div>\n","protected":false},"excerpt":{"rendered":"<p>Ya sabes que la depresi\u00f3n es una enfermedad mental com\u00fan que le puede ocurrir a cualquier persona, sin importar su edad, g\u00e9nero ni condici\u00f3n social, f\u00edsica o econ\u00f3mica y no es signo de debilidad contar que la sufres. Aqu\u00ed te [&hellip;]<\/p>\n","protected":false},"author":5,"featured_media":5389,"comment_status":"open","ping_status":"open","sticky":false,"template":"","format":"standard","meta":[],"categories":[16,14],"tags":[186,104],"_links":{"self":[{"href":"https:\/\/www.redgesam.cl\/web\/index.php\/wp-json\/wp\/v2\/posts\/5388"}],"collection":[{"href":"https:\/\/www.redgesam.cl\/web\/index.php\/wp-json\/wp\/v2\/posts"}],"about":[{"href":"https:\/\/www.redgesam.cl\/web\/index.php\/wp-json\/wp\/v2\/types\/post"}],"author":[{"embeddable":true,"href":"https:\/\/www.redgesam.cl\/web\/index.php\/wp-json\/wp\/v2\/users\/5"}],"replies":[{"embeddable":true,"href":"https:\/\/www.redgesam.cl\/web\/index.php\/wp-json\/wp\/v2\/comments?post=5388"}],"version-history":[{"count":2,"href":"https:\/\/www.redgesam.cl\/web\/index.php\/wp-json\/wp\/v2\/posts\/5388\/revisions"}],"predecessor-version":[{"id":5397,"href":"https:\/\/www.redgesam.cl\/web\/index.php\/wp-json\/wp\/v2\/posts\/5388\/revisions\/5397"}],"wp:featuredmedia":[{"embeddable":true,"href":"https:\/\/www.redgesam.cl\/web\/index.php\/wp-json\/wp\/v2\/media\/5389"}],"wp:attachment":[{"href":"https:\/\/www.redgesam.cl\/web\/index.php\/wp-json\/wp\/v2\/media?parent=5388"}],"wp:term":[{"taxonomy":"category","embeddable":true,"href":"https:\/\/www.redgesam.cl\/web\/index.php\/wp-json\/wp\/v2\/categories?post=5388"},{"taxonomy":"post_tag","embeddable":true,"href":"https:\/\/www.redgesam.cl\/web\/index.php\/wp-json\/wp\/v2\/tags?post=5388"}],"curies":[{"name":"wp","href":"https:\/\/api.w.org\/{rel}","templated":true}]}}